{"id":19073,"date":"2025-08-07T01:42:25","date_gmt":"2025-08-07T01:42:25","guid":{"rendered":"http:\/\/c17d37b5-7964-4085-a7d4-7a06ca84298b"},"modified":"2025-08-07T01:42:25","modified_gmt":"2025-08-07T01:42:25","slug":"quanto-tempo-dura-a-queda-de-cabelo-apos-a-dengue","status":"publish","type":"post","link":"https:\/\/ammabarbacena.com.br\/perguntas-frequentes\/quanto-tempo-dura-a-queda-de-cabelo-apos-a-dengue\/","title":{"rendered":"Quanto tempo dura a queda de cabelo ap\u00f3s a dengue"},"content":{"rendered":"\n\n<h2 class=\"wp-block-heading\">Como fazer o cabelo parar de cair depois da dengue?<\/h2>\n\nA Microinfus\u00e3o de Medicamentos na Pele, tamb\u00e9m conhecida como MMP, \u00e9 uma das t\u00e9cnicas indicadas para o tratamento de queda de cabelo ap\u00f3s dengue, ela ajuda a fortalecer os fios e diminuir a queda.<br \/>\n\n\n\n\n<h2 class=\"wp-block-heading\">Quanto tempo dura a queda de cabelo causada pela dengue?<\/h2>\n\n\n<p><\/p>Ent\u00e3o, quanto tempo dura a queda de cabelo ap\u00f3s a dengue? Normalmente, os sinais de queda de cabelo aparecem cerca de 1 a 2 meses ap\u00f3s a recupera\u00e7\u00e3o; em alguns casos, podem persistir por mais tempo. A quantidade de cabelo que cai pode ser substancial, com alguns pacientes perdendo at\u00e9 um ter\u00e7o do cabelo.<br \/>\n\n\n\n\n<h2 class=\"wp-block-heading\">Porque o cabelo cai muito ap\u00f3s a dengue?<\/h2>\n\n\n<p><\/p>A queda de cabelo relacionada \u00e0 dengue \u00e9 um fen\u00f4meno conhecido como efl\u00favio tel\u00f3geno agudo. Essa condi\u00e7\u00e3o \u00e9 uma resposta do organismo acentuada ao estresse causado pela infec\u00e7\u00e3o viral.<br \/>\n\n\n\n\n<h2 class=\"wp-block-heading\">Qual a melhor vitamina para o cabelo?<\/h2>\n\n\n<p><\/p>A biotina, em particular, \u00e9 um nutriente fundamental para a manuten\u00e7\u00e3o de cabelos saud\u00e1veis, enquanto as vitaminas C e E desempenham pap\u00e9is cruciais na produ\u00e7\u00e3o de col\u00e1geno e na prote\u00e7\u00e3o da pele contra danos oxidativos.<br \/>\n\n\n\n\n<h2 class=\"wp-block-heading\">Qual vitamina devo tomar para a queda de cabelo depois da dengue?<\/h2>\n\nSe o paciente n\u00e3o tem outros problemas de sa\u00fade geral ou capilar, n\u00e3o h\u00e1 necessidade de tratamento e n\u00e3o h\u00e1 como reduzir a queda com o uso de vitaminas ou shampoos ou mesmo com minoxidil.<br \/>\n\n\n\n\n<h2 class=\"wp-block-heading\">Que tipo de vitamina \u00e9 boa para o cabelo parar de cair?<\/h2>\n\n\n<p><\/p>As vitaminas do complexo B, como biotina e \u00e1cido f\u00f3lico, s\u00e3o cruciais para a sa\u00fade do cabelo. A biotina ajuda a fortalecer o cabelo e prevenir a queda, enquanto o \u00e1cido f\u00f3lico promove a circula\u00e7\u00e3o sangu\u00ednea no couro cabeludo. Encontre essas vitaminas em alimentos como ovos, bananas, nozes, espinafre e abacates.<br \/>\n\n\n\n\n<h2 class=\"wp-block-heading\">Quanto tempo dura a queda de cabelo por conta da dengue?<\/h2>\n\n\n<p><\/p>Vale ressaltar que, a queda de cabelo costuma se iniciar cerca de 1 a 3 meses ap\u00f3s o quadro agudo da dengue e dura cerca de 4 a 6 meses. Trata-se de um quadro autolimitado, ou seja, o cabelo volte a crescer gradualmente, retornando ao seu ciclo normal de crescimento.<br \/>\n\n\n\n\n<h2 class=\"wp-block-heading\">Qual vitamina tomar depois de teve dengue?<\/h2>\n\n\n<p><\/p>Em alguns casos, o uso de suplementos vitam\u00ednicos pode ser recomendado como parte do tratamento complementar para dengue. Vitaminas, como a vitamina C e o zinco, podem ajudar a refor\u00e7ar as defesas do corpo e acelerar a recupera\u00e7\u00e3o.<br \/>\n\n\n\n\n<h2 class=\"wp-block-heading\">Qual a vitamina D indicada para queda de cabelo?<\/h2>\n\n\n<p><\/p>\n\n<ul class=\"wp-block-list\">\n<li>Vitamina D 7.000 ui FontD : suplementa\u00e7\u00e3o eficiente<\/li>\n<li> E mais: estudos indicam que a vitamina D pode contribuir para a sa\u00fade dos fios, ajudando a reduzir a queda e a manter o couro cabeludo equilibrado.<\/li>\n<\/ul>\n\n\n\n\n<h2 class=\"wp-block-heading\">Qual vitamina devo tomar para a queda de cabelo ap\u00f3s a dengue?<\/h2>\n\n\n<p><\/p>O Minoxidil \u00e9 um dos tratamentos mais conhecidos e eficazes para fortalecer o cabelo e estimular o crescimento. \u00c9 uma \u00f3tima op\u00e7\u00e3o para quem busca um tratamento de queda de cabelo ap\u00f3s dengue, mas deve ser usado sob orienta\u00e7\u00e3o m\u00e9dica para evitar poss\u00edveis efeitos colaterais.<br \/>\n\n\n\n\n<h2 class=\"wp-block-heading\">Quanto tempo dura a queda de cabelo por causa da dengue?<\/h2>\n\nVale ressaltar que, a queda de cabelo costuma se iniciar cerca de 1 a 3 meses ap\u00f3s o quadro agudo da dengue e dura cerca de 4 a 6 meses. Trata-se de um quadro autolimitado, ou seja, o cabelo volte a crescer gradualmente, retornando ao seu ciclo normal de crescimento.<br \/>\n\n\n\n\n<h2 class=\"wp-block-heading\">Quanto tempo duram as sequelas da dengue?<\/h2>\n\n\n<p><\/p>Os sintomas, em geral, persistem por um per\u00edodo de 5 a 7 dias. J\u00e1 a dengue grave dura, em m\u00e9dia, de 7 a 10 dias.<br \/>\n\n\n\n\n<h2 class=\"wp-block-heading\">Quanto tempo o cabelo demora para parar de cair?<\/h2>\n\nDe acordo com a Sociedade Brasileira de Dermatologia (SBD), cada fio de cabelo cresce por cerca de seis anos, e, ao parar de crescer, entra em fase de repouso, que leva algumas semanas. Depois desse processo, o fio cai em tr\u00eas meses, momento em que um novo fio deve substitu\u00ed-lo.<br \/>\n\n\n\n\n<h2 class=\"wp-block-heading\">\u00c9 poss\u00edvel recuperar o cabelo que caiu?<\/h2>\n\n\n<p><\/p>Quando cabelo cai, o que fazer para reverter a situa\u00e7\u00e3o inclui, na maior parte das vezes, o uso de um shampoo antiqueda ou t\u00f4nico antiqueda. Esses produtos t\u00eam formula\u00e7\u00f5es com subst\u00e2ncias antioxidantes, como a cafe\u00edna, que ajuda a reduzir o envelhecimento celular.<br \/>\n\n\n\n\n<h2 class=\"wp-block-heading\">Em qual fase o cabelo cai mais?<\/h2>\n\n\n<p><\/p>Na maioria dessas condi\u00e7\u00f5es que causam a queda de cabelo, o fio est\u00e1 na fase tel\u00f3gena e com s\u00e9rias dificuldades para voltar a fase an\u00e1gena.<br \/>\n\n\n\n\n<h2 class=\"wp-block-heading\">Quanto tempo leva para o cabelo voltar ao normal?<\/h2>\n\n\n<p><\/p>Normalmente, leva em torno de 2 anos, quando j\u00e1 tem o tamanho para um [corte] chanel, e elas topam fazer o big chop (grande corte). Outras, cortam gradativamente os fios, at\u00e9 eliminar toda qu\u00edmica. Vale destacar que o cabelo s\u00f3 volta 100% \u00e0 sua forma natural quando toda parte alisada \u00e9 retirada.<br \/>\n\n\n\n\n<h2 class=\"wp-block-heading\">Como fazer o cabelo parar de cair urgente?<\/h2>\n\n\n\n<ul class=\"wp-block-list\">\n<li>Pare de dormir com o cabelo molhado. &#8230;<\/li>\n<li>Mas\u2026 &#8230;<\/li>\n<li>Evite \u00e1gua muito quente durante a lavagem. &#8230;<\/li>\n<li>Higienize pentes, escovas e fronhas com frequ\u00eancia. &#8230;<\/li>\n<li>Shampoo, condicionador e t\u00f4nico. &#8230;<\/li>\n<li>Evite altas temperaturas nos fios. &#8230;<\/li>\n<li>Cuide bem da alimenta\u00e7\u00e3o. &#8230;<\/li>\n<li>Evite o excesso de produtos.<\/li>\n<\/ul>\n<h3>Como Fazer o Cabelo Parar De Cair Urgente<\/h3><iframe src=\"https:\/\/www.youtube.com\/embed\/neeY7r3Rho0\" width=\"560\" height=\"315\" frameborder=\"0\" allowfullscreen><\/iframe>\n\n\n\n\n\n\n<h2 class=\"wp-block-heading\">O que passar no cabelo para parar de cair imediatamente?<\/h2>\n\n\n<p><\/p>O minoxidil \u00e9 o medicamento mais usado em casos de queda de cabelo. Normalmente \u00e9 indicado na forma t\u00f3pica, mas tamb\u00e9m pode ser usado de forma oral em casos mais graves, mas sempre com aten\u00e7\u00e3o \u00e0 press\u00e3o arterial do paciente.<br \/>\n\n\n\n\n<h2 class=\"wp-block-heading\">O que \u00e9 bom passar no cabelo quando est\u00e1 caindo muito?<\/h2>\n\n\n<p><\/p>Medicamentos: Existem medicamentos orais e t\u00f3picos dispon\u00edveis que podem ajudar a retardar a queda de cabelo e at\u00e9 mesmo estimular o crescimento de novos fios. Exemplos incluem Minoxidil e Finasterida.<br \/>\n\n\n\n\n<h2 class=\"wp-block-heading\">O que faz o cabelo parar de cair rapidamente?<\/h2>\n\n\n<p><\/p>Ter boa alimenta\u00e7\u00e3o, exames em dia, atividade f\u00edsica regular, evitar o estresse e ter a sa\u00fade mental em dia s\u00e3o formas de evitar a queda de cabelo\u201d, ressalta Dr.<br \/>\n\n\n\n\n<h2 class=\"wp-block-heading\">Como fazer o cabelo parar de cair e crescer r\u00e1pido caseiro?<\/h2>\n\n\n<p><\/p>Alguns rem\u00e9dios caseiros para o cabelo crescer e parar de cair incluem o suco de cenoura e a vitamina de banana com linha\u00e7a, porque cont\u00eam vitamina A, \u00f4mega 3 e sais minerais que hidratam o couro cabeludo, favorecendo o crescimento dos fios de cabelo.<br \/>\n\n\n\n\n<h2 class=\"wp-block-heading\">Quais s\u00e3o os relatos de queda de cabelo ap\u00f3s a dengue?<\/h2>\n\nO in\u00edcio da perda de cabelo ap\u00f3s a doen\u00e7a aguda da dengue foi &lt; 2 meses em quatro, 2 a 3 meses em sete e \u2265 3 meses em tr\u00eas; a m\u00e9dia foi de 2,1 meses. A dura\u00e7\u00e3o m\u00e9dia da queda de cabelo foi de 2,9 meses (varia\u00e7\u00e3o de 2 a 5 meses; Tabela 1 ).<br \/>\n\n\n\n\n<h2 class=\"wp-block-heading\">Como saber se a queda de cabelo \u00e9 por causa da dengue?<\/h2>\n\n\n<p><\/p>A queda de cabelo nessas situa\u00e7\u00f5es de infec\u00e7\u00e3o e alta inflama\u00e7\u00e3o \u00e9 notada geralmente cerca de at\u00e9 tr\u00eas meses depois da pessoa adoecer. Esse tipo de perda capilar assusta os pacientes, pois pode envolver at\u00e9 um ter\u00e7o do volume do cabelo, principalmente da parte superior do couro cabeludo.<br \/>\n\n\n\n\n<h2 class=\"wp-block-heading\">Quais s\u00e3o as sequelas ap\u00f3s a dengue?<\/h2>\n\n\n<p><\/p>A gente s\u00f3 considera uma dengue como hemorr\u00e1gica se o paciente tiver algum tipo de sangramento, seja ocular, no nariz, na boca, na urina, nas fezes, \u00e0s vezes at\u00e9 na cabe\u00e7a, um AVC\u201d, salienta a m\u00e9dica. Em rela\u00e7\u00e3o \u00e0s sequelas da dengue grave, \u00f3rg\u00e3os como cora\u00e7\u00e3o, rins, f\u00edgado e c\u00e9rebro podem ser afetados.<br \/>\n\n\n","protected":false},"excerpt":{"rendered":"<p>Como fazer o cabelo parar de cair depois da dengue? A Microinfus\u00e3o de Medicamentos na Pele, tamb\u00e9m conhecida como MMP, \u00e9 uma das t\u00e9cnicas indicadas para o tratamento de queda de cabelo ap\u00f3s dengue, ela ajuda a fortalecer os fios e diminuir a queda. Quanto tempo dura a queda de cabelo causada pela dengue? Ent\u00e3o, [&hellip;]<\/p>\n","protected":false},"author":2,"featured_media":0,"comment_status":"open","ping_status":"closed","sticky":false,"template":"","format":"standard","meta":{"footnotes":""},"categories":[1],"tags":[],"class_list":["post-19073","post","type-post","status-publish","format-standard","hentry","category-conteudo"],"_links":{"self":[{"href":"https:\/\/ammabarbacena.com.br\/perguntas-frequentes\/wp-json\/wp\/v2\/posts\/19073","targetHints":{"allow":["GET"]}}],"collection":[{"href":"https:\/\/ammabarbacena.com.br\/perguntas-frequentes\/wp-json\/wp\/v2\/posts"}],"about":[{"href":"https:\/\/ammabarbacena.com.br\/perguntas-frequentes\/wp-json\/wp\/v2\/types\/post"}],"author":[{"embeddable":true,"href":"https:\/\/ammabarbacena.com.br\/perguntas-frequentes\/wp-json\/wp\/v2\/users\/2"}],"replies":[{"embeddable":true,"href":"https:\/\/ammabarbacena.com.br\/perguntas-frequentes\/wp-json\/wp\/v2\/comments?post=19073"}],"version-history":[{"count":1,"href":"https:\/\/ammabarbacena.com.br\/perguntas-frequentes\/wp-json\/wp\/v2\/posts\/19073\/revisions"}],"predecessor-version":[{"id":19074,"href":"https:\/\/ammabarbacena.com.br\/perguntas-frequentes\/wp-json\/wp\/v2\/posts\/19073\/revisions\/19074"}],"wp:attachment":[{"href":"https:\/\/ammabarbacena.com.br\/perguntas-frequentes\/wp-json\/wp\/v2\/media?parent=19073"}],"wp:term":[{"taxonomy":"category","embeddable":true,"href":"https:\/\/ammabarbacena.com.br\/perguntas-frequentes\/wp-json\/wp\/v2\/categories?post=19073"},{"taxonomy":"post_tag","embeddable":true,"href":"https:\/\/ammabarbacena.com.br\/perguntas-frequentes\/wp-json\/wp\/v2\/tags?post=19073"}],"curies":[{"name":"wp","href":"https:\/\/api.w.org\/{rel}","templated":true}]}}