{"id":19059,"date":"2025-08-07T01:34:59","date_gmt":"2025-08-07T01:34:59","guid":{"rendered":"http:\/\/dccc317f-345c-4159-8e9e-4681613a6c40"},"modified":"2025-08-07T01:34:59","modified_gmt":"2025-08-07T01:34:59","slug":"quanto-tempo-usar-faixa-apos-bichectomia","status":"publish","type":"post","link":"https:\/\/ammabarbacena.com.br\/perguntas-frequentes\/quanto-tempo-usar-faixa-apos-bichectomia\/","title":{"rendered":"Quanto tempo usar faixa ap\u00f3s bichectomia"},"content":{"rendered":"\n\n<h2 class=\"wp-block-heading\">Precisa usar faixa p\u00f3s bichectomia?<\/h2>\n\nFaixa compressora: depois da interven\u00e7\u00e3o cir\u00fargica, o paciente necessita manter, por algumas horas, uma faixa compressora colocada pelo cirurgi\u00e3o. O objetivo \u00e9 reduzir o aparecimento de hematomas, assim como reduzir o incha\u00e7o que a opera\u00e7\u00e3o ocasiona no rosto do paciente.<br \/>\n\n\n\n\n<h2 class=\"wp-block-heading\">O que acontece se n\u00e3o usar a faixa p\u00f3s lipo de papada?<\/h2>\n\n\n<p><\/p>\u00c9 poss\u00edvel que a pele cicatrize com dobras, caso a pessoa n\u00e3o use a faixa compressiva adequadamente e tenha m\u00e1 postura. Isso tamb\u00e9m tem tratamento, mas \u00e9 trabalhoso. Por isso, \u00e9 muito importante que as pessoas sigam as orienta\u00e7\u00f5es p\u00f3s operat\u00f3rias.<br \/>\n\n\n\n\n<h2 class=\"wp-block-heading\">O que usar depois da bichectomia?<\/h2>\n\n\n<p><\/p>Durante os primeiros dias, pode ser necess\u00e1rio fazer uma compressa gelada na face. Outro cuidado que deve ter mantido por sete dias \u00e9 uma dieta baseada em alimentos frios, evitando tamb\u00e9m a ingest\u00e3o de alimentos c\u00edtricos durante algum tempo.<br \/>\n\n\n\n\n<h2 class=\"wp-block-heading\">Como devo dormir ap\u00f3s uma bichectomia?<\/h2>\n\n\n<p><\/p>Prefira alimentos e bebidas frias, especialmente nas primeiras 48 horas ap\u00f3s o procedimento. &#8211; Repouso com a cabe\u00e7a ligeiramente mais elevada. Evitar permanecer deitada(o) por longos per\u00edodos. &#8211; Evitar ambientes quentes.<br \/>\n\n\n\n\n<h2 class=\"wp-block-heading\">Quanto tempo usar a faixa de compress\u00e3o?<\/h2>\n\n\n<p><\/p>Ainda sobre o tempo com a faixa, muitas pacientes perguntam por quantos dias ou meses dever\u00e3o us\u00e1-las. Na maioria das vezes, a prescri\u00e7\u00e3o termina 30 dias ap\u00f3s a cirurgia pl\u00e1stica. Mas \u00e9 importante voc\u00ea s\u00f3 parar de us\u00e1-la quando seu m\u00e9dico autorizar.<br \/>\n\n\n\n\n<h2 class=\"wp-block-heading\">Quanto tempo leva para cicatrizar uma bichectomia?<\/h2>\n\nRetorno gradual \u00e0s atividades. Como a bichectomia \u00e9 uma cirurgia pl\u00e1stica mais tranquila s\u00e3o indicados dois dias de repouso e em seguida atividades mais leves de trabalho e estudo j\u00e1 podem ser retomadas. Entre uma semana e 10 dias deve evitar atividades que exijam maior esfor\u00e7o f\u00edsico.<br \/>\n\n\n\n\n<h2 class=\"wp-block-heading\">O que n\u00e3o se pode fazer depois da bichectomia?<\/h2>\n\n\n<p><\/p>\n\n<ul class=\"wp-block-list\">\n<li>ORIENTA\u00c7\u00d5ES P\u00d3S-OPERAT\u00d3RIAS PARA A CIRURGIA DE BICHECTOMIA:<\/li>\n<li> &#8211; Evite esfor\u00e7os na primeira semana de p\u00f3s-operat\u00f3rio. &#8211; N\u00e3o mastigue alimentos inteiros, grandes e duros nos primeiros 07 dias. Optar por alimentos pastosos ou macios como cremes, sopas, pur\u00eas, sorvete, gelativa. Evite alimentos quentes.<\/li>\n<\/ul>\n\n\n\n\n<h2 class=\"wp-block-heading\">Como devo escovar os dentes ap\u00f3s uma bichectomia?<\/h2>\n\n\n<p><\/p>\n\n<ul class=\"wp-block-list\">\n<li>Espere pelo menos 24 horas ap\u00f3s a cirurgia antes de escovar os dentes.<\/li>\n<li>Use uma escova de dentes de cerdas macias como a Curaprox para evitar irrita\u00e7\u00e3o na \u00e1rea operada.<\/li>\n<li>Escove os dentes com cuidado e gentilmente, evitando a \u00e1rea cir\u00fargica.<\/li>\n<\/ul>\n\n\n\n\n<h2 class=\"wp-block-heading\">Precisa fazer drenagem depois da bichectomia?<\/h2>\n\n\n<p><\/p>O p\u00f3s-operat\u00f3rio da bichectomia \u00e9 repouso relativo por 3 dias, compressa de gelo, medica\u00e7\u00e3o controlada, dieta correta e drenagem linf\u00e1tica.<br \/>\n\n\n\n\n<h2 class=\"wp-block-heading\">Quanto tempo usar a faixa mentoneira?<\/h2>\n\n\n\n<h2 class=\"wp-block-heading\">Quanto tempo usar a faixa de papada?<\/h2>\n\n\n<p><\/p>A utiliza\u00e7\u00e3o da faixa durante a recupera\u00e7\u00e3o da lipo de papada pode ser recomendada em alguns casos por at\u00e9 duas semanas.<br \/>\n\n\n\n\n<h2 class=\"wp-block-heading\">Posso dormir com faixa na papada?<\/h2>\n\n\n<p><\/p>Dessa forma, o paciente corre um risco menor de ter complica\u00e7\u00f5es ap\u00f3s a cirurgia. \u00c9 fundamental usar a faixa mentoneira quando esse acess\u00f3rio \u00e9 recomendado pelo m\u00e9dico. O acess\u00f3rio s\u00f3 pode ser retirado no momento do banho, sendo indispens\u00e1vel at\u00e9 mesmo para dormir.<br \/>\n\n\n\n\n<h2 class=\"wp-block-heading\">O que acontece se n\u00e3o usar a faixa na lipo de papada?<\/h2>\n\n\n<p><\/p>O que pode acontecer no p\u00f3s operat\u00f3rio, se n\u00e3o seguir as recomenda\u00e7\u00f5es. \u00c9 poss\u00edvel formar ceroma, que \u00e9 um ac\u00famulo de l\u00edquido na regi\u00e3o, caso n\u00e3o use a faixa compressiva nos primeiros 30 dias.<br \/>\n\n\n\n\n<h2 class=\"wp-block-heading\">Quanto tempo deve usar a faixa?<\/h2>\n\n\n<p><\/p>No entanto, a maioria dos pacientes usa a cinta de 4 a 6 semanas, podendo ser necess\u00e1rio um uso por mais tempo dependendo de cada caso.<br \/>\n\n\n\n\n<h2 class=\"wp-block-heading\">Pode dormir de lado ap\u00f3s bichectomia?<\/h2>\n\n&#8211; Dormir preferencialmente de \u201cbarriga para cima\u201d por 3 semanas. N\u00e3o apoiar as bochechas. &#8211; Cuidado para n\u00e3o morder a \u00e1rea operada.<br \/>\n\n\n\n\n<h2 class=\"wp-block-heading\">Quantos dias ap\u00f3s cirurgia posso dormir de lado?<\/h2>\n\n\n<p><\/p>Dois meses \u00e9 a estimativa geral de tempo, no entanto, cada corpo \u00e9 \u00fanico, e algumas mulheres podem naturalmente ter uma cicatriza\u00e7\u00e3o mais r\u00e1pida, sendo liberadas para dormir de lado ap\u00f3s cerca de 45 dias.<br \/>\n\n\n\n\n<h2 class=\"wp-block-heading\">Quantos dias demora para desinchar a bichectomia?<\/h2>\n\n\n<p><\/p>Quanto tempo leva para ver os resultados finais da bichectomia? Nos primeiros dias, o rosto fica bem inchado, ent\u00e3o, n\u00e3o \u00e9 poss\u00edvel avaliar os resultados nesse per\u00edodo. Esse incha\u00e7o deve desaparecer por completo apenas ap\u00f3s 30 dias.<br \/>\n\n\n\n\n<h2 class=\"wp-block-heading\">Como escovar os dentes ap\u00f3s bichectomia?<\/h2>\n\n\n<p><\/p>\n\n<ul class=\"wp-block-list\">\n<li>Espere pelo menos 24 horas ap\u00f3s a cirurgia antes de escovar os dentes.<\/li>\n<li>Use uma escova de dentes de cerdas macias como a Curaprox para evitar irrita\u00e7\u00e3o na \u00e1rea operada.<\/li>\n<li>Escove os dentes com cuidado e gentilmente, evitando a \u00e1rea cir\u00fargica.<\/li>\n<\/ul>\n\n\n\n\n<h2 class=\"wp-block-heading\">Quantos dias para tirar os pontos da bichectomia?<\/h2>\n\nOs pontos, que s\u00e3o internos, podem ser do tipo absorv\u00edveis ou normais. Se normais, a retirada \u00e9 feita em 7 dias. A bichectomia n\u00e3o \u00e9 uma cirurgia revers\u00edvel, ou seja, ap\u00f3s realizada n\u00e3o \u00e9 poss\u00edvel voltar ao normal.<br \/>\n\n\n\n\n<h2 class=\"wp-block-heading\">Quantos dias tira os pontos da bichectomia?<\/h2>\n\n\n<p><\/p>A bichectomia \u00e9 uma cirurgia simples, que dura aproximadamente 1 hora e os pontos feitos para o fechamento do corte podem ser do tipo absorv\u00edveis , por isso n\u00e3o precisam ser retirados. J\u00e1 no caso dos pontos normais, a remo\u00e7\u00e3o deve ser feita 7 dias ap\u00f3s o procedimento.<br \/>\n\n\n\n\n<h2 class=\"wp-block-heading\">Quantos dias ap\u00f3s a cirurgia devo tirar os pontos?<\/h2>\n\n\n<p><\/p>O tempo exato para a retirada dos pontos varia, geralmente, entre 7 a 14 dias ap\u00f3s a cirurgia. No entanto, esse per\u00edodo pode diferir dependendo de v\u00e1rios fatores, como o tipo de sutura utilizada e a velocidade de cicatriza\u00e7\u00e3o individual do paciente.<br \/>\n\n\n\n\n<h2 class=\"wp-block-heading\">Quanto tempo a bichectomia desincha?<\/h2>\n\n\n<p><\/p>Esse incha\u00e7o deve desaparecer por completo apenas ap\u00f3s 30 dias. No entanto, ap\u00f3s as primeiras duas semanas ap\u00f3s o procedimento j\u00e1 \u00e9 poss\u00edvel perceber o rosto mais fino. Apenas ap\u00f3s o per\u00edodo entre 3 a 6 meses ser\u00e1 poss\u00edvel ver o resultado final.<br \/>\n\n\n\n\n<h2 class=\"wp-block-heading\">Quantos dias de repouso ap\u00f3s bichectomia?<\/h2>\n\n\n<p><\/p>O tempo de repouso de uma bichectomia pode levar em torno de 30 dias, per\u00edodo em que o paciente deve seguir alguns cuidados, como dormir com a cabeceira elevada e evitar a pr\u00e1tica de atividades f\u00edsicas.<br \/>\n\n\n\n\n<h2 class=\"wp-block-heading\">Quantos ml tira na bichectomia?<\/h2>\n\n\n<p><\/p>Em m\u00e9dia, foram retirados 3,2ml (1,2 &#8211; 4,3ml) de volume da gordura de Bichat bilateralmente.<br \/>\n\n\n\n\n<h2 class=\"wp-block-heading\">O que acontece se n\u00e3o usar a faixa depois da lipo de papada?<\/h2>\n\nO que pode acontecer no p\u00f3s operat\u00f3rio, se n\u00e3o seguir as recomenda\u00e7\u00f5es. \u00c9 poss\u00edvel formar ceroma, que \u00e9 um ac\u00famulo de l\u00edquido na regi\u00e3o, caso n\u00e3o use a faixa compressiva nos primeiros 30 dias.<br \/>\n\n\n\n\n<h2 class=\"wp-block-heading\">O que acontece se n\u00e3o usar a cinta depois da lipo?<\/h2>\n\n\n<p><\/p>\n\n<ul class=\"wp-block-list\">\n<li>Riscos de n\u00e3o usar a cinta ou usar de forma incorreta<\/li>\n<li> Aumento do incha\u00e7o e desconforto. Maior risco de seroma ou hematoma. Ader\u00eancia irregular da pele. Deforma\u00e7\u00f5es tempor\u00e1rias ou permanentes.<\/li>\n<\/ul>\n\n\n\n\n<h2 class=\"wp-block-heading\">Para que serve a cinta p\u00f3s lipo de papada?<\/h2>\n\n\n<p><\/p>A cinta p\u00f3s lipoaspira\u00e7\u00e3o \u00e9 um dispositivo importante para ajudar na recupera\u00e7\u00e3o ap\u00f3s uma cirurgia de lipoaspira\u00e7\u00e3o. Ela ajuda a minimizar o incha\u00e7o, a dor e o desconforto, al\u00e9m de promover uma cicatriza\u00e7\u00e3o mais r\u00e1pida e reduzir o risco de flacidez.<br \/>\n\n\n","protected":false},"excerpt":{"rendered":"<p>Precisa usar faixa p\u00f3s bichectomia? Faixa compressora: depois da interven\u00e7\u00e3o cir\u00fargica, o paciente necessita manter, por algumas horas, uma faixa compressora colocada pelo cirurgi\u00e3o. O objetivo \u00e9 reduzir o aparecimento de hematomas, assim como reduzir o incha\u00e7o que a opera\u00e7\u00e3o ocasiona no rosto do paciente. O que acontece se n\u00e3o usar a faixa p\u00f3s lipo [&hellip;]<\/p>\n","protected":false},"author":2,"featured_media":0,"comment_status":"open","ping_status":"closed","sticky":false,"template":"","format":"standard","meta":{"footnotes":""},"categories":[1],"tags":[],"class_list":["post-19059","post","type-post","status-publish","format-standard","hentry","category-conteudo"],"_links":{"self":[{"href":"https:\/\/ammabarbacena.com.br\/perguntas-frequentes\/wp-json\/wp\/v2\/posts\/19059","targetHints":{"allow":["GET"]}}],"collection":[{"href":"https:\/\/ammabarbacena.com.br\/perguntas-frequentes\/wp-json\/wp\/v2\/posts"}],"about":[{"href":"https:\/\/ammabarbacena.com.br\/perguntas-frequentes\/wp-json\/wp\/v2\/types\/post"}],"author":[{"embeddable":true,"href":"https:\/\/ammabarbacena.com.br\/perguntas-frequentes\/wp-json\/wp\/v2\/users\/2"}],"replies":[{"embeddable":true,"href":"https:\/\/ammabarbacena.com.br\/perguntas-frequentes\/wp-json\/wp\/v2\/comments?post=19059"}],"version-history":[{"count":1,"href":"https:\/\/ammabarbacena.com.br\/perguntas-frequentes\/wp-json\/wp\/v2\/posts\/19059\/revisions"}],"predecessor-version":[{"id":19060,"href":"https:\/\/ammabarbacena.com.br\/perguntas-frequentes\/wp-json\/wp\/v2\/posts\/19059\/revisions\/19060"}],"wp:attachment":[{"href":"https:\/\/ammabarbacena.com.br\/perguntas-frequentes\/wp-json\/wp\/v2\/media?parent=19059"}],"wp:term":[{"taxonomy":"category","embeddable":true,"href":"https:\/\/ammabarbacena.com.br\/perguntas-frequentes\/wp-json\/wp\/v2\/categories?post=19059"},{"taxonomy":"post_tag","embeddable":true,"href":"https:\/\/ammabarbacena.com.br\/perguntas-frequentes\/wp-json\/wp\/v2\/tags?post=19059"}],"curies":[{"name":"wp","href":"https:\/\/api.w.org\/{rel}","templated":true}]}}