{"id":17965,"date":"2025-08-06T12:46:04","date_gmt":"2025-08-06T12:46:04","guid":{"rendered":"http:\/\/83ee6260-a952-42a5-b132-29eb154feb36"},"modified":"2025-08-06T12:46:04","modified_gmt":"2025-08-06T12:46:04","slug":"o-que-e-um-proposito-profetico-na-biblia","status":"publish","type":"post","link":"https:\/\/ammabarbacena.com.br\/perguntas-frequentes\/o-que-e-um-proposito-profetico-na-biblia\/","title":{"rendered":"O que \u00e9 um prop\u00f3sito prof\u00e9tico na b\u00edblia"},"content":{"rendered":"\n\n<h2 class=\"wp-block-heading\">O que significa prop\u00f3sito prof\u00e9tico?<\/h2>\n\nAquele gostoso sentimento de se estar encaixado, em harmonia com a vida. \u00c9 para isso que nascemos. Chamamos isto de Prop\u00f3sito Prof\u00e9tico. Nesse territ\u00f3rio, voc\u00ea ter\u00e1 todos os recursos necess\u00e1rios para cumprir os altos des\u00edgnios de Deus para a sua vida.<br \/>\n\n\n\n\n<h2 class=\"wp-block-heading\">O que \u00e9 prof\u00e9tico segundo a B\u00edblia?<\/h2>\n\n\n<p><\/p>Definimos Ato Prof\u00e9tico como uma a\u00e7\u00e3o executada por um profeta ou enviado de Deus, investido com a devida autoridade, em um local, tempo e modo especificados pelo Esp\u00edrito Santo, simbolizando um aviso ou interven\u00e7\u00e3o de Deus sobre algo que deve acontecer.<br \/>\n\n\n\n\n<h2 class=\"wp-block-heading\">O que \u00e9 sentido prof\u00e9tico?<\/h2>\n\n\n<p><\/p>adjetivo. de ou relacionado a um profeta . inspira\u00e7\u00e3o prof\u00e9tica. da natureza ou do que cont\u00e9m profecia .<br \/>\n\n\n\n\n<h2 class=\"wp-block-heading\">O que significa um ato prof\u00e9tico?<\/h2>\n\n\n<p><\/p>\n\n<ul class=\"wp-block-list\">\n<li>1 O QUE \u00c9 UM ATO PROF\u00c9TICO<\/li>\n<li> Esta express\u00e3o aparece por cerca de oitenta vezes no Antigo Testamento e setenta vezes no Novo Testamento (RENGSTORF, K., p. 38, 90) e quer indicar que Deus est\u00e1 presente e age constantemente no meio do seu povo.<\/li>\n<\/ul>\n\n\n\n\n<h2 class=\"wp-block-heading\">O que \u00e9 um prop\u00f3sito prof\u00e9tico?<\/h2>\n\n\n<p><\/p>Aquele gostoso sentimento de se estar encaixado, em harmonia com a vida. \u00c9 para isso que nascemos. Chamamos isto de Prop\u00f3sito Prof\u00e9tico.<br \/>\n\n\n\n\n<h2 class=\"wp-block-heading\">O que \u00e9 um ato prof\u00e9tico na B\u00edblia?<\/h2>\n\n\n\n<h2 class=\"wp-block-heading\">O que \u00e9 algo prof\u00e9tico na B\u00edblia?<\/h2>\n\n\n<p><\/p>\n\n<ul class=\"wp-block-list\">\n<li>Vis\u00e3o Espiritual<\/li>\n<li> A primeira caracter\u00edstica, ent\u00e3o, do prof\u00e9tico \u00e9 sua capacidade de ver numa outra dimens\u00e3o, de enxergar no mundo espiritual aquilo que a grande maioria n\u00e3o consegue vislumbrar. No Velho Testamento, este era um privil\u00e9gio de poucos escolhidos.<\/li>\n<\/ul>\n\n\n\n\n<h2 class=\"wp-block-heading\">Como se faz um ato prof\u00e9tico?<\/h2>\n\n\n<p><\/p>(Hebreus 11 : 1 ABSVD). Mas para o ato prof\u00e9tico somente a f\u00e9 no invis\u00edvel n\u00e3o basta, \u00e9 necess\u00e1rio uma esp\u00e9cie de muleta para ajudar a cr\u00ea, algo para fortalecer a f\u00e9 vacilante ou coisa assim. Geralmente se nega isso com palavras mas a pratica n\u00e3o nega o fato.<br \/>\n\n\n\n\n<h2 class=\"wp-block-heading\">Quais s\u00e3o as palavras prof\u00e9ticas da B\u00edblia?<\/h2>\n\n\n<p><\/p>\n\n<ul class=\"wp-block-list\">\n<li>Deus guardar\u00e1 os seus p\u00e9s \u2013 o teu caminho, sua jornada de lugares escorregadios, voc\u00ea ter\u00e1 os p\u00e9s como os da cor\u00e7a.<\/li>\n<li>Deus guardar\u00e1 a tua alma (Salmos 23 \u2013 Refrigera minha alma).<\/li>\n<li>O eterno n\u00e3o fechar\u00e1 os olhos para voc\u00ea \u2013 Deus est\u00e1 acampado ao seu redor (aos seus amados ele d\u00e1 enquanto dormem).<\/li>\n<\/ul>\n\n\n\n\n<h2 class=\"wp-block-heading\">O que significa prof\u00e9tico na B\u00edblia?<\/h2>\n\n\n\n<h2 class=\"wp-block-heading\">O que significa a palavra prof\u00e9tico na B\u00edblia?<\/h2>\n\n\n<p><\/p>Que prev\u00ea e prediz. Origem: latim propheticus, -a, -um.<br \/>\n\n\n\n\n<h2 class=\"wp-block-heading\">O que \u00e9 um chamado prof\u00e9tico?<\/h2>\n\n\n<p><\/p>Podemos dizer, ent\u00e3o, que a ess\u00eancia do prof\u00e9tico \u00e9 entrar no mundo espiritual, ver e ouvir o que est\u00e1 acontecendo l\u00e1, e trazer esta vis\u00e3o para a dimens\u00e3o material do mundo em que vivemos.<br \/>\n\n\n\n\n<h2 class=\"wp-block-heading\">Qual \u00e9 o nome do livro prof\u00e9tico do Novo Testamento?<\/h2>\n\n\n<p><\/p>O Apocalipse \u00e9 o \u00fanico livro prof\u00e9tico do Novo Testamento.<br \/>\n\n\n\n\n<h2 class=\"wp-block-heading\">O que \u00e9 um presente prof\u00e9tico?<\/h2>\n\nEle carrega um significado espiritual, uma mensagem de f\u00e9 e uma palavra de b\u00ean\u00e7\u00e3o sobre a vida de quem o recebe. \u00c9 um gesto de amor que declara prop\u00f3sito, prote\u00e7\u00e3o e dire\u00e7\u00e3o de Deus para o futuro daquela pessoa.<br \/>\n\n\n\n\n<h2 class=\"wp-block-heading\">O que significa um presente prof\u00e9tico?<\/h2>\n\n\n<p><\/p>\u00c9 um gesto de amor que declara prop\u00f3sito, prote\u00e7\u00e3o e dire\u00e7\u00e3o de Deus para o futuro daquela pessoa. Cada presente prof\u00e9tico \u00e9 um ato de f\u00e9, uma forma de intercess\u00e3o e um lembrete do cuidado divino. Uma lembran\u00e7a que fortalece, inspira e acompanha a jornada espiritual com significado eterno.<br \/>\n\n\n\n\n<h2 class=\"wp-block-heading\">O que \u00e9 algo prof\u00e9tico?<\/h2>\n\n\n<p><\/p>Que prev\u00ea e prediz.<br \/>\n\n\n\n\n<h2 class=\"wp-block-heading\">O que significa encontro prof\u00e9tico?<\/h2>\n\n\n<p><\/p>O QUE \u00c9 O ENCONTRO PROF\u00c9TICO? Anualmente, a MCM realiza durante o feriado da P\u00e1scoa o Encontro Prof\u00e9tico, evento que h\u00e1 30 anos re\u00fane crist\u00e3os de todas as partes do Brasil, com o objetivo de despert\u00e1-los para o envolvimento com a obra mission\u00e1ria e a buscar um avivamento para nossa na\u00e7\u00e3o.<br \/>\n\n\n\n\n<h2 class=\"wp-block-heading\">O que \u00e9 um presente simb\u00f3lico?<\/h2>\n\n\n<p><\/p>Presentes significativos s\u00e3o algo que todos n\u00f3s admiramos: o sorriso que trazem aos rostos de nossos entes queridos n\u00e3o tem pre\u00e7o e as emo\u00e7\u00f5es que trazem \u00e0 tona s\u00e3o comoventes. Pode ser um desafio encontrar boas ideias para tornar um presente personalizado significativo e vincul\u00e1-lo a uma hist\u00f3ria pessoal.<br \/>\n\n\n\n\n<h2 class=\"wp-block-heading\">Como fazer um prop\u00f3sito com Deus de 7 dias?<\/h2>\n\n\n\n<h2 class=\"wp-block-heading\">Qual a forma certa de fazer um prop\u00f3sito com Deus?<\/h2>\n\n\n<p><\/p>Tenha uma motiva\u00e7\u00e3o correta: Certifique-se de que sua inten\u00e7\u00e3o ao fazer o prop\u00f3sito n\u00e3o seja apenas receber algo de Deus, mas sim aprofundar seu relacionamento com Ele e crescer na f\u00e9. Comprometa-se de cora\u00e7\u00e3o: Um prop\u00f3sito exige foco e disciplina.<br \/>\n\n\n\n\n<h2 class=\"wp-block-heading\">Qual \u00e9 a ora\u00e7\u00e3o para iniciar um prop\u00f3sito?<\/h2>\n\n\n<p><\/p>Senhor, que o Teu Esp\u00edrito Santo me inspire e me conduza. Afasta de mim qualquer distra\u00e7\u00e3o, d\u00favida ou medo, e fortalece minha f\u00e9 em Ti. Que este prop\u00f3sito seja uma oportunidade para crescer, aprender e cumprir a Tua vontade. Eu Te entrego este projeto, este caminho e, principalmente, meu cora\u00e7\u00e3o.<br \/>\n\n\n\n\n<h2 class=\"wp-block-heading\">O que \u00e9 &#8220;7 Dias no Prop\u00f3sito&#8221;?<\/h2>\n\n\n<p><\/p>\u201c7 Dias no Prop\u00f3sito\u201d \u00e9 um devocional da s\u00e9rie Dias de B\u00ean\u00e7\u00e3os, criado para fortalecer sua f\u00e9 e renovar sua comunh\u00e3o com Deus. Com linguagem simples e profunda, ele traz reflex\u00f5es di\u00e1rias, desafios espirituais e orienta\u00e7\u00f5es pr\u00e1ticas para voc\u00ea viver uma semana de ora\u00e7\u00e3o, jejum, entrega e transforma\u00e7\u00e3o.<br \/>\n\n\n\n\n<h2 class=\"wp-block-heading\">Como elaborar um prop\u00f3sito?<\/h2>\n\n\n<p><\/p>\n\n<ul class=\"wp-block-list\">\n<li>1 \u2013 Prop\u00f3sito se manifesta com a pr\u00e1tica.<\/li>\n<li>2 \u2013 Busque olhar para o que te incomoda.<\/li>\n<li>3 \u2013 Estabele\u00e7a prioridades.<\/li>\n<li>4 \u2013 Entenda o que \u00e9 importante para voc\u00ea<\/li>\n<li>5 \u2013 Olhe para o que voc\u00ea j\u00e1 faz.<\/li>\n<li>6 \u2013 Entenda que \u00e9 um processo.<\/li>\n<\/ul>\n\n\n\n\n<h2 class=\"wp-block-heading\">O que \u00e9 se mover no prof\u00e9tico?<\/h2>\n\nO mover prof\u00e9tico e sobrenatural de Deus refere-se a manifesta\u00e7\u00f5es e a\u00e7\u00f5es que est\u00e3o al\u00e9m do entendimento humano. Isso pode acontecer atrav\u00e9s de profecias, curas, dons espirituais e geralmente, essas experi\u00eancias s\u00e3o vistas como evid\u00eancias da presen\u00e7a e do poder de Deus agindo na vida das pessoas e da comunidade.<br \/>\n\n\n\n\n<h2 class=\"wp-block-heading\">O que significa &#8220;mover prof\u00e9tico&#8221;?<\/h2>\n\n\n<p><\/p>O mover prof\u00e9tico e sobrenatural de Deus refere-se a manifesta\u00e7\u00f5es e a\u00e7\u00f5es que est\u00e3o al\u00e9m do entendimento humano. Isso pode acontecer atrav\u00e9s de profecias, curas, dons espirituais e geralmente, essas experi\u00eancias s\u00e3o vistas como evid\u00eancias da presen\u00e7a e do poder de Deus agindo na vida das pessoas e da comunidade.<br \/>\n\n\n\n\n<h2 class=\"wp-block-heading\">O que \u00e9 andar no prof\u00e9tico?<\/h2>\n\n\n<p><\/p>O prof\u00e9tico, ent\u00e3o, \u00e9 esta habilidade que acessa Deus, que compreende o plano de Deus, a vontade de Deus, a dire\u00e7\u00e3o de Deus. Existem in\u00fameras raz\u00f5es para desejarmos o prof\u00e9tico em nossa vida pessoal e coletiva; e uma delas \u00e9 para que o prof\u00e9tico corrija a nossa rota.<br \/>\n\n\n\n\n<h2 class=\"wp-block-heading\">O que \u00e9 viver no prof\u00e9tico?<\/h2>\n\n\n<p><\/p>Ter uma vida prof\u00e9tica em nossos dias, \u00e9 viver tudo aquilo que a Palavra de Deus nos direciona a viver.<br \/>\n\n\n\n\n<h2 class=\"wp-block-heading\">O que seria algo prof\u00e9tico?<\/h2>\n\n\n<p><\/p>1. Relativo a profeta ou a profecia. 2. Que prev\u00ea e prediz.<br \/>\n\n\n\n\n<h2 class=\"wp-block-heading\">O que \u00e9 fazer um ato prof\u00e9tico?<\/h2>\n\n\n<p><\/p>Ato Prof\u00e9tico \u00e9 uma a\u00e7\u00e3o realizada com o objetivo de transmitir uma mensagem divina e ativar prop\u00f3sitos espirituais.<br \/>\n\n\n","protected":false},"excerpt":{"rendered":"<p>O que significa prop\u00f3sito prof\u00e9tico? Aquele gostoso sentimento de se estar encaixado, em harmonia com a vida. \u00c9 para isso que nascemos. Chamamos isto de Prop\u00f3sito Prof\u00e9tico. Nesse territ\u00f3rio, voc\u00ea ter\u00e1 todos os recursos necess\u00e1rios para cumprir os altos des\u00edgnios de Deus para a sua vida. O que \u00e9 prof\u00e9tico segundo a B\u00edblia? Definimos Ato [&hellip;]<\/p>\n","protected":false},"author":2,"featured_media":0,"comment_status":"open","ping_status":"closed","sticky":false,"template":"","format":"standard","meta":{"footnotes":""},"categories":[1],"tags":[],"class_list":["post-17965","post","type-post","status-publish","format-standard","hentry","category-conteudo"],"_links":{"self":[{"href":"https:\/\/ammabarbacena.com.br\/perguntas-frequentes\/wp-json\/wp\/v2\/posts\/17965","targetHints":{"allow":["GET"]}}],"collection":[{"href":"https:\/\/ammabarbacena.com.br\/perguntas-frequentes\/wp-json\/wp\/v2\/posts"}],"about":[{"href":"https:\/\/ammabarbacena.com.br\/perguntas-frequentes\/wp-json\/wp\/v2\/types\/post"}],"author":[{"embeddable":true,"href":"https:\/\/ammabarbacena.com.br\/perguntas-frequentes\/wp-json\/wp\/v2\/users\/2"}],"replies":[{"embeddable":true,"href":"https:\/\/ammabarbacena.com.br\/perguntas-frequentes\/wp-json\/wp\/v2\/comments?post=17965"}],"version-history":[{"count":1,"href":"https:\/\/ammabarbacena.com.br\/perguntas-frequentes\/wp-json\/wp\/v2\/posts\/17965\/revisions"}],"predecessor-version":[{"id":17966,"href":"https:\/\/ammabarbacena.com.br\/perguntas-frequentes\/wp-json\/wp\/v2\/posts\/17965\/revisions\/17966"}],"wp:attachment":[{"href":"https:\/\/ammabarbacena.com.br\/perguntas-frequentes\/wp-json\/wp\/v2\/media?parent=17965"}],"wp:term":[{"taxonomy":"category","embeddable":true,"href":"https:\/\/ammabarbacena.com.br\/perguntas-frequentes\/wp-json\/wp\/v2\/categories?post=17965"},{"taxonomy":"post_tag","embeddable":true,"href":"https:\/\/ammabarbacena.com.br\/perguntas-frequentes\/wp-json\/wp\/v2\/tags?post=17965"}],"curies":[{"name":"wp","href":"https:\/\/api.w.org\/{rel}","templated":true}]}}