{"id":17275,"date":"2025-08-06T06:26:29","date_gmt":"2025-08-06T06:26:29","guid":{"rendered":"http:\/\/34cfba15-a246-49e2-96c6-bdd5213b3016"},"modified":"2025-08-06T06:26:29","modified_gmt":"2025-08-06T06:26:29","slug":"o-que-e-quisleu-na-biblia","status":"publish","type":"post","link":"https:\/\/ammabarbacena.com.br\/perguntas-frequentes\/o-que-e-quisleu-na-biblia\/","title":{"rendered":"O que \u00e9 quisleu na b\u00edblia"},"content":{"rendered":"\n\n<h2 class=\"wp-block-heading\">O que significa o m\u00eas de quisleu no livro de Neemias?<\/h2>\n\n\n\n<h2 class=\"wp-block-heading\">Qual o significado do m\u00eas de quisleu?<\/h2>\n\n\n<p><\/p>Quisleu (Kislev), \u00e9 o terceiro m\u00eas do ano civil, e o nono m\u00eas do calend\u00e1rio judaico. Corresponde a novembro\/dezembro, \u00e9 citado na B\u00edblia em: Neemias 1:1 \u201cPalavras de Neemias, filho de Hacalias. Ora, sucedeu no m\u00eas de quisleu, no ano vig\u00e9simo, estando eu em Sus\u00e3, a capital\u201d.<br \/>\n\n\n\n\n<h2 class=\"wp-block-heading\">Qual \u00e9 o significado do m\u00eas de Casleu?<\/h2>\n\n\n<p><\/p>1 O terceiro m\u00eas do calend\u00e1rio judaico. 2 O nono m\u00eas do calend\u00e1rio eclesi\u00e1stico. ETIMOLOGIA hebr.<br \/>\n\n\n\n\n<h2 class=\"wp-block-heading\">Qual \u00e9 o significado do m\u00eas de Sivan?<\/h2>\n\n\n<p><\/p>Sivan ( hebraico : \u05e1\u05b4\u05d9\u05d5\u05b8\u05df , moderno : Sivan , tiberiano : Siw\u0101n , do ac\u00e1dio sim\u0101nu , que significa &#8220;esta\u00e7\u00e3o; tempo&#8221; ) \u00e9 o nono m\u00eas do ano civil e o terceiro m\u00eas do ano religioso no calend\u00e1rio hebraico . \u00c9 um m\u00eas de 30 dias.<br \/>\n\n\n\n\n<h2 class=\"wp-block-heading\">O que significa o m\u00eas de Nissan?<\/h2>\n\n\n<p><\/p>\u00c9 um m\u00eas profundamente conectado \u00e0 festa judaica da P\u00e1scoa, um tempo de lembran\u00e7a e gratid\u00e3o pela liberta\u00e7\u00e3o e liberdade. Em Nissan, somos lembrados da jornada dos israelitas da servid\u00e3o no Egito ao limiar da Terra Prometida \u2014 uma jornada da opress\u00e3o para a liberta\u00e7\u00e3o.<br \/>\n\n\n\n\n<h2 class=\"wp-block-heading\">O que significa 14 de nis\u00e3?<\/h2>\n\n\n<p><\/p>Segundo a B\u00edblia, Jesus Cristo morreu no dia 14 do m\u00eas judaico de nis\u00e3, que se iniciava na lua nova vis\u00edvel em Jerusal\u00e9m, mais pr\u00f3xima do equin\u00f3cio de Primavera, que ocorre a 21 de mar\u00e7o. O dia entre os judeus n\u00e3o se iniciava \u00e0 0 hora (meia-noite), mas sim ao p\u00f4r do sol.<br \/>\n\n\n\n\n<h2 class=\"wp-block-heading\">Qual \u00e9 o significado de quisleu?<\/h2>\n\n\n\n<h2 class=\"wp-block-heading\">Qual \u00e9 o significado b\u00edblico de Sivan?<\/h2>\n\n\n<p><\/p>Sivan (hebraico: \u05e1\u05b4\u05d9\u05d5\u05b8\u05df, [padr\u00e3o: sivan; tib\u00e9rio s\u00eew\u0101n]; do ac\u00e1dio sim\u0101nu, significando \u00ab esta\u00e7\u00e3o, tempo \u00bb) ou Siv\u00e3, \u00e9 o nono m\u00eas do ano civil, e o terceiro m\u00eas do ano eclesi\u00e1stico, no calend\u00e1rio hebraico. \u00c9 um m\u00eas de primavera em Israel, de 30 dias. Sivan geralmente cai em maio-junho no calend\u00e1rio gregoriano.<br \/>\n\n\n\n\n<h2 class=\"wp-block-heading\">O que quer dizer ano quisleu?<\/h2>\n\n\n<p><\/p>No calend\u00e1rio judaico, o m\u00eas de quisleu \u00e9 o terceiro m\u00eas do ano civil, o in\u00edcio do Inverno. No nosso pa\u00eds, \u00e9 Novembro\/Dezembro no calend\u00e1rio.<br \/>\n\n\n\n\n<h2 class=\"wp-block-heading\">Qual \u00e9 o significado b\u00edblico de Casleu?<\/h2>\n\n1 O terceiro m\u00eas do calend\u00e1rio judaico.<br \/>\n\n\n\n\n<h2 class=\"wp-block-heading\">Qual \u00e9 o significado de Casluim na B\u00edblia?<\/h2>\n\n\n<p><\/p>Casluim \u00e9 um personagem biblico do Antigo Testamento que deu origem aos filisteus. \u00c9 mencionado no livro de G\u00eanesis e em I Cr\u00f4nicas como um dos filhos de Mizraim, sendo, portanto, neto de Cam e bisneto de No\u00e9.<br \/>\n\n\n\n\n<h2 class=\"wp-block-heading\">O que significa o m\u00eas de setembro para os judeus?<\/h2>\n\n\n<p><\/p>O Rosh Hashan\u00e1 acontece, geralmente em setembro, pois a contagem dos anos no juda\u00edsmo \u00e9 feita pelo calend\u00e1rio lunar. O ano lunar tem 354 dias, portanto faltam 11 para os 365 contados normalmente. Para ajustar, se convencionou que alguns anos t\u00eam um m\u00eas a mais no calend\u00e1rio judaico.<br \/>\n\n\n\n\n<h2 class=\"wp-block-heading\">Qual \u00e9 o animal espiritual do m\u00eas de outubro?<\/h2>\n\n\n<p><\/p>\n\n<ul class=\"wp-block-list\">\n<li>Outubro \u2013 Corvo :<\/li>\n<li> Conhecido por sua intelig\u00eancia e capacidade de adapta\u00e7\u00e3o, o corvo simboliza a busca por conhecimento e a habilidade de lidar com mudan\u00e7as.<\/li>\n<\/ul>\n\n\n\n\n<h2 class=\"wp-block-heading\">Que m\u00eas \u00e9 o m\u00eas que leu?<\/h2>\n\nElul \u00e9 o sexto m\u00eas do calend\u00e1rio judaico.<br \/>\n\n\n\n\n<h2 class=\"wp-block-heading\">Qual \u00e9 o m\u00eas de Casleu?<\/h2>\n\n\n<p><\/p>1 O terceiro m\u00eas do calend\u00e1rio judaico. 2 O nono m\u00eas do calend\u00e1rio eclesi\u00e1stico. ETIMOLOGIA hebr.<br \/>\n\n\n\n\n<h2 class=\"wp-block-heading\">Qual \u00e9 o m\u00eas de Nissan no nosso calend\u00e1rio 2025?<\/h2>\n\n\n<p><\/p>\u00c9 um m\u00eas de 30 dias. No ano de 2025, 1\u00ba de nis\u00e3 ocorrer\u00e1 em 30 de mar\u00e7o.<br \/>\n\n\n\n\n<h2 class=\"wp-block-heading\">Qual \u00e9 o m\u00eas de Nis\u00e3?<\/h2>\n\n\n\n<h2 class=\"wp-block-heading\">Quando come\u00e7a o m\u00eas de Nis\u00e3?<\/h2>\n\n\n<p><\/p>O m\u00eas de Nissan \u00e9 o primeiro m\u00eas do calend\u00e1rio b\u00edblico judaico e geralmente cai entre mar\u00e7o e abril no calend\u00e1rio gregoriano. Em 2025, Nissan come\u00e7a ao p\u00f4r do sol de 30 de mar\u00e7o e termina ao p\u00f4r do sol de 29 de abril.<br \/>\n\n\n\n\n<h2 class=\"wp-block-heading\">O que significa o nome Nis\u00e3?<\/h2>\n\n\n<p><\/p>\n\n<ul class=\"wp-block-list\">\n<li>Significado de palavras<\/li>\n<li> A paz do Senhor Jesus.<\/li>\n<\/ul>\n\n\n\n\n<h2 class=\"wp-block-heading\">Neemias era filho de Hacalias?<\/h2>\n\n\n\n<h2 class=\"wp-block-heading\">Quem foi Neemias, filho de Azbuque?<\/h2>\n\n\n<p><\/p>Filho de Azbuque, da tribo de Jud\u00e1; governante de metade da cidade de Bete-Zur, nas montanhas de Jud\u00e1, que teve um papel de lideran\u00e7a na reconstru\u00e7\u00e3o do muro de Jerusal\u00e9m ( Ne 3:16 ). 445 a.C. \u21d2 Concord\u00e2ncia b\u00edblica para NEEMIAS.<br \/>\n\n\n\n\n<h2 class=\"wp-block-heading\">Porque Neemias era copeiro do rei Artaxerxes?<\/h2>\n\n\n<p><\/p>Neemias era copeiro do rei e pra ter essa fun\u00e7\u00e3o tinha que ser algu\u00e9m realmente de confian\u00e7a, ent\u00e3o por a\u00ed podemos entender que Neemias e Artaxerxes tinha uma rela\u00e7\u00e3o muito boa, de respeito. E segundo as leis persas ningu\u00e9m poderia entrar na presen\u00e7a do rei com semblante triste.<br \/>\n\n\n\n\n<h2 class=\"wp-block-heading\">Por que Deus escolheu Neemias?<\/h2>\n\n\n<p><\/p>Por que Deus escolheu Neemias? Porque ele tinha j\u00e1 algumas qualidades de um verdadeiro l\u00edder e, as demais, ele aprendeu de Deus, porque a primeira coisa que precisamos ter em mente \u00e9 que a lideran\u00e7a pode ser aprendida. Neemias era sens\u00edvel diante das necessidades dos outros.<br \/>\n\n\n","protected":false},"excerpt":{"rendered":"<p>O que significa o m\u00eas de quisleu no livro de Neemias? Qual o significado do m\u00eas de quisleu? Quisleu (Kislev), \u00e9 o terceiro m\u00eas do ano civil, e o nono m\u00eas do calend\u00e1rio judaico. Corresponde a novembro\/dezembro, \u00e9 citado na B\u00edblia em: Neemias 1:1 \u201cPalavras de Neemias, filho de Hacalias. Ora, sucedeu no m\u00eas de [&hellip;]<\/p>\n","protected":false},"author":2,"featured_media":0,"comment_status":"open","ping_status":"closed","sticky":false,"template":"","format":"standard","meta":{"footnotes":""},"categories":[1],"tags":[],"class_list":["post-17275","post","type-post","status-publish","format-standard","hentry","category-conteudo"],"_links":{"self":[{"href":"https:\/\/ammabarbacena.com.br\/perguntas-frequentes\/wp-json\/wp\/v2\/posts\/17275","targetHints":{"allow":["GET"]}}],"collection":[{"href":"https:\/\/ammabarbacena.com.br\/perguntas-frequentes\/wp-json\/wp\/v2\/posts"}],"about":[{"href":"https:\/\/ammabarbacena.com.br\/perguntas-frequentes\/wp-json\/wp\/v2\/types\/post"}],"author":[{"embeddable":true,"href":"https:\/\/ammabarbacena.com.br\/perguntas-frequentes\/wp-json\/wp\/v2\/users\/2"}],"replies":[{"embeddable":true,"href":"https:\/\/ammabarbacena.com.br\/perguntas-frequentes\/wp-json\/wp\/v2\/comments?post=17275"}],"version-history":[{"count":1,"href":"https:\/\/ammabarbacena.com.br\/perguntas-frequentes\/wp-json\/wp\/v2\/posts\/17275\/revisions"}],"predecessor-version":[{"id":17276,"href":"https:\/\/ammabarbacena.com.br\/perguntas-frequentes\/wp-json\/wp\/v2\/posts\/17275\/revisions\/17276"}],"wp:attachment":[{"href":"https:\/\/ammabarbacena.com.br\/perguntas-frequentes\/wp-json\/wp\/v2\/media?parent=17275"}],"wp:term":[{"taxonomy":"category","embeddable":true,"href":"https:\/\/ammabarbacena.com.br\/perguntas-frequentes\/wp-json\/wp\/v2\/categories?post=17275"},{"taxonomy":"post_tag","embeddable":true,"href":"https:\/\/ammabarbacena.com.br\/perguntas-frequentes\/wp-json\/wp\/v2\/tags?post=17275"}],"curies":[{"name":"wp","href":"https:\/\/api.w.org\/{rel}","templated":true}]}}