{"id":17273,"date":"2025-08-06T06:25:31","date_gmt":"2025-08-06T06:25:31","guid":{"rendered":"http:\/\/e1c7ccac-4710-41f9-a4b8-079379ec42f4"},"modified":"2025-08-06T06:25:31","modified_gmt":"2025-08-06T06:25:31","slug":"o-que-e-quinhao-na-biblia-do-salmo-73-26","status":"publish","type":"post","link":"https:\/\/ammabarbacena.com.br\/perguntas-frequentes\/o-que-e-quinhao-na-biblia-do-salmo-73-26\/","title":{"rendered":"O que \u00e9 quinh\u00e3o na b\u00edblia do salmo 73 26"},"content":{"rendered":"\n\n<h2 class=\"wp-block-heading\">Qual \u00e9 a explica\u00e7\u00e3o do vers\u00edculo Salmos 73:26?<\/h2>\n\nEste vers\u00edculo nos lembra que, mesmo nos momentos de fraqueza f\u00edsica ou emocional, Deus permanece como nosso sustento. A vida pode trazer desafios que nos deixam cansados, inseguros e vulner\u00e1veis, mas \u00e9 exatamente nessas ocasi\u00f5es que podemos encontrar em Deus uma fonte inesgot\u00e1vel de for\u00e7a e renova\u00e7\u00e3o.<br \/>\n\n\n\n\n<h2 class=\"wp-block-heading\">Como explicar o salmo 73\/26?<\/h2>\n\n\n<p><\/p>O Salmo 73:26 \u00e9 um lembrete poderoso de que, mesmo quando nos sentimos fracos ou desanimados, Deus continua sendo nossa for\u00e7a inabal\u00e1vel. Ele \u00e9 a fonte de nossa for\u00e7a interior e a garantia de que nunca estamos sozinhos em nossas lutas e desafios.<br \/>\n\n\n\n\n<h2 class=\"wp-block-heading\">Quem foi Asafe do Salmo 73 estudo?<\/h2>\n\n\n<p><\/p>Asafe foi um m\u00fasico importante da \u00e9poca de Davi, e foi nomeado pelos principais levitas como respons\u00e1vel pela m\u00fasica, juntamente com Et\u00e3 e Hem\u00e3, quando a arca foi transportada da casa de Obede-Edom para a cidade de Jerusal\u00e9m (1Cr 15.16-19).<br \/>\n\n\n\n\n<h2 class=\"wp-block-heading\">Qual \u00e9 a explica\u00e7\u00e3o do Salmo 73:26?<\/h2>\n\n\n\n<h2 class=\"wp-block-heading\">Qual \u00e9 o significado do Salmo 73:26?<\/h2>\n\n\n<p><\/p>O Salmo 73 reflete a luta interior de Asafe ao ver o sucesso dos \u00edmpios enquanto os justos enfrentam dificuldades. Ele expressa d\u00favidas, mas encontra paz ao buscar a presen\u00e7a de Deus, entendendo que a prosperidade dos \u00edmpios \u00e9 passageira e que o maior tesouro \u00e9 estar perto do Senhor.<br \/>\n\n\n\n\n<h2 class=\"wp-block-heading\">Qual \u00e9 o vers\u00edculo 26 do salmo 26?<\/h2>\n\n\n<p><\/p>Salmo de Davi. 1 Julga-me, Senhor, pois tenho andado em minha integridade; tenho confiado tamb\u00e9m no Senhor; n\u00e3o vacilarei. 2 Examina-me, Senhor, e p\u00f5e-me \u00e0 prova; esquadrinha a minha mente e o meu cora\u00e7\u00e3o. 3 Porque a tua benignidade est\u00e1 diante dos meus olhos; e tenho andado na tua verdade.<br \/>\n\n\n\n\n<h2 class=\"wp-block-heading\">Qual \u00e9 o significado do vers\u00edculo 73:26 no Salmo 73:26?<\/h2>\n\nAinda que a minha mente e o meu corpo enfraque\u00e7am, Deus \u00e9 a minha for\u00e7a, ele \u00e9 tudo o que sempre preciso.<br \/>\n\n\n\n\n<h2 class=\"wp-block-heading\">O que o salmista quis dizer no Salmo 26?<\/h2>\n\nEste vers\u00edculo do Salmo 26 reflete a ora\u00e7\u00e3o de algu\u00e9m que busca a justi\u00e7a de Deus. O pano de fundo aqui \u00e9 a situa\u00e7\u00e3o de algu\u00e9m que alega ter vivido com integridade e confiado no Senhor sem hesitar. O salmista est\u00e1 clamando a Deus para que reconhe\u00e7a sua fidelidade e o justifique diante de qualquer acusa\u00e7\u00e3o injusta.<br \/>\n\n\n\n\n<h2 class=\"wp-block-heading\">O que Davi estava passando quando escreveu o Salmo 26?<\/h2>\n\n\n<p><\/p>Parece que ao escrever este Salmo, Davi estava passando por algo parecido com o que passou o profeta Elias. Seu apelo por justi\u00e7a tinha o crivo de quem lavava \u201cas m\u00e3os na inoc\u00eancia\u201d (v.<br \/>\n\n\n\n\n<h2 class=\"wp-block-heading\">O que quer dizer o Salmo 26:2?<\/h2>\n\n\n<p><\/p>Salmo 26:2: \u201cExamina-me, Senhor, e prova-me; sonda-me o cora\u00e7\u00e3o e os pensamentos\u201d. Este salmo foi escrito por ocasi\u00e3o da fome que assolou Israel por tr\u00eas anos. O contexto nos mostra que a na\u00e7\u00e3o atravessava um per\u00edodo de crises.<br \/>\n\n\n\n\n<h2 class=\"wp-block-heading\">Quem fez o Salmo 26?<\/h2>\n\n\n<p><\/p>O livro traz um coment\u00e1rio Imag\u00edstico, Hist\u00f3rico, Gramatical e Devocional do salmo 26. A tradi\u00e7\u00e3o incorporada ao texto descreve Davi como autor e que se defende de falsas acusa\u00e7\u00f5es.<br \/>\n\n\n\n\n<h2 class=\"wp-block-heading\">O que significa Deus prepara uma mesa na presen\u00e7a dos meus inimigos?<\/h2>\n\n\n<p><\/p>Em resumo, &#8220;preparar uma mesa diante dos inimigos&#8221; \u00e9 uma poderosa met\u00e1fora sobre a fidelidade de Deus em nossas vidas. Ele nos sustenta e aben\u00e7oa mesmo nas situa\u00e7\u00f5es mais desafiadoras, mostrando que sempre podemos confiar Nele para cuidar de n\u00f3s e nos guiar ao longo do caminho.<br \/>\n\n\n\n\n<h2 class=\"wp-block-heading\">Quem escreveu o salmo 73\/26?<\/h2>\n\nErrei ao dizer que foi Davi quem escreveu o Salmo 73, foi na verdade o salmista Asafe. No salmo 73 ele relata sua indigna\u00e7\u00e3o sobre a prosperidade dos \u00edmpios, e diz sentir inveja deles. J\u00e1 que os justos aos olhos de Asafe, n\u00e3o prosperavam na mesma propor\u00e7\u00e3o. Isso fez com que ele se abalasse.<br \/>\n\n\n\n\n<h2 class=\"wp-block-heading\">Quem foi o escritor de Salmo 73?<\/h2>\n\n\n<p><\/p>Asafe tamb\u00e9m \u00e9 conhecido como profeta e por ser escritor de v\u00e1rios salmos, como o n\u00famero 73.<br \/>\n\n\n\n\n<h2 class=\"wp-block-heading\">Quais s\u00e3o as fontes de Salmos 73:26?<\/h2>\n\n\n<p><\/p>\n\n<ul class=\"wp-block-list\">\n<li>Fonte: Dicion\u00e1rio de Jesus e Evangelhos<\/li>\n<li> Particularmente, o tecido muscular dos animais terrestres que serve de alimento ao homem. Carne viva, o derma ou o tecido muscular posto a descoberto depois de arrancada ou cortada a epiderme. Figurado A natureza humana: a carne \u00e9 fraca.<\/li>\n<\/ul>\n\n\n\n\n<h2 class=\"wp-block-heading\">Qual \u00e9 o significado de Salmos 73:25,26?<\/h2>\n\n25 A quem tenho nos c\u00e9us sen\u00e3o a ti? E na terra, nada mais desejo al\u00e9m de estar junto a ti. 26 O meu corpo e o meu cora\u00e7\u00e3o poder\u00e3o fraquejar, mas Deus \u00e9 a for\u00e7a do meu cora\u00e7\u00e3o e a minha heran\u00e7a para sempre.<br \/>\n\n\n\n\n<h2 class=\"wp-block-heading\">Qual \u00e9 o significado do Salmo 73:26 na prega\u00e7\u00e3o?<\/h2>\n\n\n<p><\/p>\u201cSenhor, nos momentos em que minha mente e meu corpo est\u00e3o cansados, ajuda-me a lembrar que Tu \u00e9s a minha for\u00e7a. Renova minhas for\u00e7as e sustenta-me com a Tua gra\u00e7a. Que eu possa confiar em Ti plenamente, mesmo quando minhas circunst\u00e2ncias parecem dif\u00edceis. Am\u00e9m.\u201d<br \/>\n\n\n\n\n<h2 class=\"wp-block-heading\">Quem escreveu o Salmo 73-25?<\/h2>\n\n\n<p><\/p>Errei ao dizer que foi Davi quem escreveu o Salmo 73, foi na verdade o salmista Asafe. No salmo 73 ele relata sua indigna\u00e7\u00e3o sobre a prosperidade dos \u00edmpios, e diz sentir inveja deles. J\u00e1 que os justos aos olhos de Asafe, n\u00e3o prosperavam na mesma propor\u00e7\u00e3o.<br \/>\n\n\n","protected":false},"excerpt":{"rendered":"<p>Qual \u00e9 a explica\u00e7\u00e3o do vers\u00edculo Salmos 73:26? Este vers\u00edculo nos lembra que, mesmo nos momentos de fraqueza f\u00edsica ou emocional, Deus permanece como nosso sustento. A vida pode trazer desafios que nos deixam cansados, inseguros e vulner\u00e1veis, mas \u00e9 exatamente nessas ocasi\u00f5es que podemos encontrar em Deus uma fonte inesgot\u00e1vel de for\u00e7a e renova\u00e7\u00e3o. [&hellip;]<\/p>\n","protected":false},"author":2,"featured_media":0,"comment_status":"open","ping_status":"closed","sticky":false,"template":"","format":"standard","meta":{"footnotes":""},"categories":[1],"tags":[],"class_list":["post-17273","post","type-post","status-publish","format-standard","hentry","category-conteudo"],"_links":{"self":[{"href":"https:\/\/ammabarbacena.com.br\/perguntas-frequentes\/wp-json\/wp\/v2\/posts\/17273","targetHints":{"allow":["GET"]}}],"collection":[{"href":"https:\/\/ammabarbacena.com.br\/perguntas-frequentes\/wp-json\/wp\/v2\/posts"}],"about":[{"href":"https:\/\/ammabarbacena.com.br\/perguntas-frequentes\/wp-json\/wp\/v2\/types\/post"}],"author":[{"embeddable":true,"href":"https:\/\/ammabarbacena.com.br\/perguntas-frequentes\/wp-json\/wp\/v2\/users\/2"}],"replies":[{"embeddable":true,"href":"https:\/\/ammabarbacena.com.br\/perguntas-frequentes\/wp-json\/wp\/v2\/comments?post=17273"}],"version-history":[{"count":1,"href":"https:\/\/ammabarbacena.com.br\/perguntas-frequentes\/wp-json\/wp\/v2\/posts\/17273\/revisions"}],"predecessor-version":[{"id":17274,"href":"https:\/\/ammabarbacena.com.br\/perguntas-frequentes\/wp-json\/wp\/v2\/posts\/17273\/revisions\/17274"}],"wp:attachment":[{"href":"https:\/\/ammabarbacena.com.br\/perguntas-frequentes\/wp-json\/wp\/v2\/media?parent=17273"}],"wp:term":[{"taxonomy":"category","embeddable":true,"href":"https:\/\/ammabarbacena.com.br\/perguntas-frequentes\/wp-json\/wp\/v2\/categories?post=17273"},{"taxonomy":"post_tag","embeddable":true,"href":"https:\/\/ammabarbacena.com.br\/perguntas-frequentes\/wp-json\/wp\/v2\/tags?post=17273"}],"curies":[{"name":"wp","href":"https:\/\/api.w.org\/{rel}","templated":true}]}}