{"id":17217,"date":"2025-08-06T05:56:46","date_gmt":"2025-08-06T05:56:46","guid":{"rendered":"http:\/\/1dbedf57-80c6-4573-954d-620a1b180cdc"},"modified":"2025-08-06T05:56:46","modified_gmt":"2025-08-06T05:56:46","slug":"o-que-e-portico-de-salomao-na-biblia","status":"publish","type":"post","link":"https:\/\/ammabarbacena.com.br\/perguntas-frequentes\/o-que-e-portico-de-salomao-na-biblia\/","title":{"rendered":"O que \u00e9 p\u00f3rtico de salom\u00e3o na b\u00edblia"},"content":{"rendered":"\n\n<h2 class=\"wp-block-heading\">O que era o p\u00f3rtico de Salom\u00e3o na B\u00edblia?<\/h2>\n\n\n\n<h2 class=\"wp-block-heading\">O que significa p\u00f3rtico de Salom\u00e3o na B\u00edblia?<\/h2>\n\n\n<p><\/p>P\u00f3rtico ou Colunata de Salom\u00e3o (\u03c3\u03c4\u03bf\u03b1 \u03c4\u03bf\u03c5 \u03a3\u03bf\u03bb\u03bf\u03bc\u03c9\u03bd\u03c4\u03bf\u03c2; Jo\u00e3o 10:23 ; Atos 3:11 ; 5:12 ), era uma colunata ou claustro , localizado no lado leste do P\u00e1tio Externo do Templo ( P\u00e1tio das Mulheres ) em Jerusal\u00e9m , nomeado em homenagem a Salom\u00e3o , Rei de Israel , e n\u00e3o deve ser confundido com a Est\u00f3a Real, que ficava no lado &#8230;<br \/>\n\n\n\n\n<h2 class=\"wp-block-heading\">O que eram os porticos na B\u00edblia?<\/h2>\n\n\n<p><\/p>Uma colunata \u00e9 uma fileira de colunas que sustenta um teto. A colunata no lado leste do complexo do Templo era conhecida como colunata, p\u00f3rtico ou alpendre de Salom\u00e3o.<br \/>\n\n\n\n\n<h2 class=\"wp-block-heading\">Qual \u00e9 a fun\u00e7\u00e3o do p\u00f3rtico?<\/h2>\n\n\n<p><\/p>Um p\u00f3rtico \u00e9 um alpendre que conduz \u00e0 entrada de um edif\u00edcio, ou se estende como uma colunata , com uma estrutura de cobertura sobre uma passarela, sustentada por colunas ou delimitada por paredes.<br \/>\n\n\n\n\n<h2 class=\"wp-block-heading\">O que \u00e9 um p\u00f3rtico de Templo?<\/h2>\n\n\n\n<h2 class=\"wp-block-heading\">O que significa p\u00f3rtico do templo?<\/h2>\n\n\n<p><\/p>P\u00f3rtico , entrada ou alpendre com colunatas para uma estrutura, ou uma passagem coberta sustentada por colunas regularmente espa\u00e7adas. Os p\u00f3rticos formavam as entradas dos antigos templos gregos.<br \/>\n\n\n\n\n<h2 class=\"wp-block-heading\">Para que serve o p\u00f3rtico?<\/h2>\n\n\n<p><\/p>Um p\u00f3rtico \u00e9 uma estrutura arquitet\u00f4nica que consiste em uma ou mais colunas verticais, que suportam um arco ou uma viga horizontal. Essa estrutura pode ser usada para sustentar a entrada principal de um edif\u00edcio, um terra\u00e7o, um telhado ou qualquer outra parte da constru\u00e7\u00e3o.<br \/>\n\n\n\n\n<h2 class=\"wp-block-heading\">Como funciona um p\u00f3rtico?<\/h2>\n\n\n<p><\/p>O p\u00f3rtico \u00e9 um estilo de estrutura composta por uma ou mais colunas verticais que sustentam uma viga ou um arco horizontal. O elemento decorativo surgiu na Gr\u00e9cia antiga e \u00e9 bastante utilizado nos projetos da arquitetura contempor\u00e2nea.<br \/>\n\n\n\n\n<h2 class=\"wp-block-heading\">O que \u00e9 p\u00f3rtico de entrada da cidade?<\/h2>\n\nUm p\u00f3rtico de cidade \u00e9 uma estrutura localizada na entrada principal de uma cidade ou regi\u00e3o, constru\u00edda para receber os visitantes de forma simb\u00f3lica e marcante. Ele geralmente reflete a identidade cultural, hist\u00f3rica ou tur\u00edstica do local, tornando-se um ponto de refer\u00eancia e, muitas vezes, um cart\u00e3o-postal.<br \/>\n\n\n\n\n<h2 class=\"wp-block-heading\">O que \u00e9 p\u00f3rtico na entrada da cidade?<\/h2>\n\n\n<p><\/p>Na arquitetura, um p\u00f3rtico \u00e9 o local coberto \u00e0 entrada de um edif\u00edcio, de um templo ou de um pal\u00e1cio.<br \/>\n\n\n\n\n<h2 class=\"wp-block-heading\">O que \u00e9 um p\u00f3rtico de entrada?<\/h2>\n\n\n<p><\/p>Tamb\u00e9m s\u00e3o chamados de p\u00f3rticos os portais de entrada presentes em algumas cidades no Brasil e no mundo. Eles d\u00e3o boas-vindas aos visitantes e funcionam como cart\u00e3o postal.<br \/>\n\n\n\n\n<h2 class=\"wp-block-heading\">Quais s\u00e3o os tipos de p\u00f3rticos?<\/h2>\n\n\n<p><\/p>Existem muitos tipos de estruturas de p\u00f3rticos que podem ser utilizadas na constru\u00e7\u00e3o civil. Existem dois tipos principais de estruturas de p\u00f3rticos: contraventados e r\u00edgidos.<br \/>\n\n\n\n\n<h2 class=\"wp-block-heading\">O que significa alpendres de Salom\u00e3o?<\/h2>\n\nUm p\u00f3rtico ou cobertura apoiada em grandes colunas e constu\u00edda no p\u00e1tio do Templo.<br \/>\n\n\n\n\n\n\n\n<h2 class=\"wp-block-heading\">O que significa na B\u00edblia alpendre de Salom\u00e3o?<\/h2>\n\n\n<p><\/p>O significado de Alpendre na B\u00edblia \u00e9 explicado como uma estrutura arquitet\u00f4nica que representa um espa\u00e7o de transi\u00e7\u00e3o, acolhimento.<br \/>\n\n\n\n\n<h2 class=\"wp-block-heading\">O que s\u00e3o alpendres na B\u00edblia?<\/h2>\n\n\n<p><\/p>Cinco alpendres: eram as cinco entradas para o tanque, e tamb\u00e9m uma simbologia aos cinco primeiros livros de Mois\u00e9s: representando A Palavra de Deus ; Naqueles tempos a Palavra estava sendo substitu\u00edda pela Tradi\u00e7\u00e3o Oral, n\u00e3o se atentavam mais ao que estava na Tor\u00e1 Escrita por Mois\u00e9s.<br \/>\n\n\n\n\n<h2 class=\"wp-block-heading\">O que tem cinco alpendres?<\/h2>\n\n\n<p><\/p>\u201cOra, em Jerusal\u00e9m h\u00e1, pr\u00f3ximo \u00e0 porta das ovelhas, um tanque, chamado em hebreu Betesda, o qual tem cinco alpendres.<br \/>\n\n\n\n\n<h2 class=\"wp-block-heading\">Qual \u00e9 o significado do p\u00f3rtico de Salom\u00e3o?<\/h2>\n\n\n\n<h2 class=\"wp-block-heading\">Qual o significado do p\u00f3rtico?<\/h2>\n\n\n<p><\/p>Na arquitetura, um p\u00f3rtico \u00e9 o local coberto \u00e0 entrada de um edif\u00edcio, de um templo ou de um pal\u00e1cio. Pode se estender ao longo de uma colunata, com uma estrutura cobrindo uma passarela elevada por colunas ou fechada por paredes.<br \/>\n\n\n\n\n<h2 class=\"wp-block-heading\">Qual \u00e9 o significado de Boaz e Jaquim?<\/h2>\n\n\n<p><\/p>Jaquim quer dizer \u201cEle estabelece\u201d, e Boaz, \u201cnEle h\u00e1 for\u00e7a\u201d. Podemos perceber a semelhan\u00e7a desses elementos com o batismo no Esp\u00edrito Santo.<br \/>\n\n\n\n\n<h2 class=\"wp-block-heading\">O que era o p\u00f3rtico do Senhor?<\/h2>\n\n\n<p><\/p>O Templo de Jerusal\u00e9m, na \u00e9poca de Jesus, era cercado por colunatas. Uma colunata \u00e9 uma fileira de colunas que sustenta um teto. A colunata no lado leste do complexo do Templo era conhecida como colunata, p\u00f3rtico ou alpendre de Salom\u00e3o.<br \/>\n\n\n\n\n<h2 class=\"wp-block-heading\">Qual \u00e9 o significado de &#8220;p\u00f3rtico&#8221;?<\/h2>\n\n\n\n<h2 class=\"wp-block-heading\">Qual o significado de p\u00f3rtico?<\/h2>\n\n\n<p><\/p>P\u00f3rtico na arquitetura \u00e9 um local coberto na entrada de um edif\u00edcio, de um templo ou de um pal\u00e1cio. Ele \u00e9 formado por elementos verticais e horizontais, podendo ser os pilares ou as vigas, respectivamente.<br \/>\n\n\n\n\n<h2 class=\"wp-block-heading\">Qual \u00e9 o significado do &#8220;P\u00f3rtico da B\u00edblia&#8221;?<\/h2>\n\n\n<p><\/p>O P\u00f3rtico da B\u00edblia \u00e9 um tipo de publica\u00e7\u00e3o que n\u00e3o existia at\u00e9 agora, porque re\u00fane cronologias desdeAbra\u00e3o at\u00e9 o presente, um atlas b\u00edblico com os melhores mapas publicados at\u00e9 o presente, e gr\u00e1ficos sint\u00e9ticos com rigor cient\u00edfico de cada livro da B\u00edblia.<br \/>\n\n\n\n\n<h2 class=\"wp-block-heading\">Qual \u00e9 o sin\u00f4nimo de p\u00f3rtico?<\/h2>\n\n\n<p><\/p>2 portal, entrada, vest\u00edbulo. 3 frontisp\u00edcio, portada.<br \/>\n\n\n\n\n<h2 class=\"wp-block-heading\">O que significa a palavra p\u00f3rtico de Salom\u00e3o?<\/h2>\n\n\n<p><\/p>P\u00f3rtico ou Colunata de Salom\u00e3o (\u03c3\u03c4\u03bf\u03b1 \u03c4\u03bf\u03c5 \u03a3\u03bf\u03bb\u03bf\u03bc\u03c9\u03bd\u03c4\u03bf\u03c2; Jo\u00e3o 10:23 ; Atos 3:11 ; 5:12 ), era uma colunata ou claustro , localizado no lado leste do P\u00e1tio Externo do Templo ( P\u00e1tio das Mulheres ) em Jerusal\u00e9m , nomeado em homenagem a Salom\u00e3o , Rei de Israel , e n\u00e3o deve ser confundido com a Est\u00f3a Real, que ficava no lado &#8230;<br \/>\n\n\n","protected":false},"excerpt":{"rendered":"<p>O que era o p\u00f3rtico de Salom\u00e3o na B\u00edblia? O que significa p\u00f3rtico de Salom\u00e3o na B\u00edblia? P\u00f3rtico ou Colunata de Salom\u00e3o (\u03c3\u03c4\u03bf\u03b1 \u03c4\u03bf\u03c5 \u03a3\u03bf\u03bb\u03bf\u03bc\u03c9\u03bd\u03c4\u03bf\u03c2; Jo\u00e3o 10:23 ; Atos 3:11 ; 5:12 ), era uma colunata ou claustro , localizado no lado leste do P\u00e1tio Externo do Templo ( P\u00e1tio das Mulheres ) em Jerusal\u00e9m [&hellip;]<\/p>\n","protected":false},"author":2,"featured_media":0,"comment_status":"open","ping_status":"closed","sticky":false,"template":"","format":"standard","meta":{"footnotes":""},"categories":[1],"tags":[],"class_list":["post-17217","post","type-post","status-publish","format-standard","hentry","category-conteudo"],"_links":{"self":[{"href":"https:\/\/ammabarbacena.com.br\/perguntas-frequentes\/wp-json\/wp\/v2\/posts\/17217","targetHints":{"allow":["GET"]}}],"collection":[{"href":"https:\/\/ammabarbacena.com.br\/perguntas-frequentes\/wp-json\/wp\/v2\/posts"}],"about":[{"href":"https:\/\/ammabarbacena.com.br\/perguntas-frequentes\/wp-json\/wp\/v2\/types\/post"}],"author":[{"embeddable":true,"href":"https:\/\/ammabarbacena.com.br\/perguntas-frequentes\/wp-json\/wp\/v2\/users\/2"}],"replies":[{"embeddable":true,"href":"https:\/\/ammabarbacena.com.br\/perguntas-frequentes\/wp-json\/wp\/v2\/comments?post=17217"}],"version-history":[{"count":1,"href":"https:\/\/ammabarbacena.com.br\/perguntas-frequentes\/wp-json\/wp\/v2\/posts\/17217\/revisions"}],"predecessor-version":[{"id":17218,"href":"https:\/\/ammabarbacena.com.br\/perguntas-frequentes\/wp-json\/wp\/v2\/posts\/17217\/revisions\/17218"}],"wp:attachment":[{"href":"https:\/\/ammabarbacena.com.br\/perguntas-frequentes\/wp-json\/wp\/v2\/media?parent=17217"}],"wp:term":[{"taxonomy":"category","embeddable":true,"href":"https:\/\/ammabarbacena.com.br\/perguntas-frequentes\/wp-json\/wp\/v2\/categories?post=17217"},{"taxonomy":"post_tag","embeddable":true,"href":"https:\/\/ammabarbacena.com.br\/perguntas-frequentes\/wp-json\/wp\/v2\/tags?post=17217"}],"curies":[{"name":"wp","href":"https:\/\/api.w.org\/{rel}","templated":true}]}}