{"id":17215,"date":"2025-08-06T05:55:48","date_gmt":"2025-08-06T05:55:48","guid":{"rendered":"http:\/\/9916ecec-73db-40b7-a714-8e98393ed0a9"},"modified":"2025-08-06T05:55:48","modified_gmt":"2025-08-06T05:55:48","slug":"o-que-e-pao-da-proposicao-na-biblia","status":"publish","type":"post","link":"https:\/\/ammabarbacena.com.br\/perguntas-frequentes\/o-que-e-pao-da-proposicao-na-biblia\/","title":{"rendered":"O que \u00e9 p\u00e3o da proposi\u00e7\u00e3o na b\u00edblia"},"content":{"rendered":"\n\n<h2 class=\"wp-block-heading\">O que significa &#8220;p\u00e3es da proposi\u00e7\u00e3o&#8221; na B\u00edblia?<\/h2>\n\n\n\n<h2 class=\"wp-block-heading\">O que era a mesa dos p\u00e3es da proposi\u00e7\u00e3o?<\/h2>\n\n\n<p><\/p>A Mesa dos P\u00e3es da Proposi\u00e7\u00e3o era feita do mesmo material que a Arca \u2014 madeira de ac\u00e1cia revestida de ouro puro. Media 2 c\u00f4vados (91,44 cm) de comprimento por 1 c\u00f4vado (45,72 cm) de largura e 1 c\u00f4vado (68,58 cm) de altura. Tinha a mesma altura da Arca no Santo dos Santos, mas era menor em comprimento e largura.<br \/>\n\n\n\n\n<h2 class=\"wp-block-heading\">O que \u00e9 preposi\u00e7\u00e3o na B\u00edblia?<\/h2>\n\n\n<p><\/p>Originalmente as preposi\u00e7\u00f5es eram adv\u00e9rbios: estavam mais ligadas ao verbo do que ao substantivo. A preposi\u00e7\u00e3o serve para esclarecer e refor\u00e7ar a ideia do caso. Os casos usados com preposi\u00e7\u00f5es s\u00e3o o genitivo, o acusativo e o dativo. Algumas se usam s\u00f3 com um caso, outras com dois e outras ainda com tr\u00eas.<br \/>\n\n\n\n\n<h2 class=\"wp-block-heading\">O que eram os 12 p\u00e3es da proposi\u00e7\u00e3o?<\/h2>\n\n\n<p><\/p>A cada semana, no \u00faltimo dia, doze p\u00e3es eram colocados sobre a mesa, arrumados em duas fileiras. Esses doze p\u00e3es representavam as doze tribos de Israel. Sendo assim, uma oferta de alimentos apresentada a Deus, que deveria ser continuamente realizada como \u201dAlian\u00e7a Perp\u00e9tua\u201d (Lv: 24-8).<br \/>\n\n\n\n\n<h2 class=\"wp-block-heading\">Porque Davi comeu os p\u00e3es da proposi\u00e7\u00e3o?<\/h2>\n\n\n\n<h2 class=\"wp-block-heading\">Por que Davi comeu os p\u00e3es da preposi\u00e7\u00e3o?<\/h2>\n\n\n<p><\/p>A participa\u00e7\u00e3o de Davi no p\u00e3o da proposi\u00e7\u00e3o, que era reservado apenas para os sacerdotes, era tecnicamente uma viola\u00e7\u00e3o da lei mosaica. Jesus, no entanto, usou esse incidente para mostrar que, em tempos de extrema necessidade, uma viola\u00e7\u00e3o da lei RITUAL n\u00e3o era um pecado.<br \/>\n\n\n\n\n<h2 class=\"wp-block-heading\">Qual o significado dos p\u00e3es da proposi\u00e7\u00e3o?<\/h2>\n\n\n<p><\/p>P\u00e3o da proposi\u00e7\u00e3o (em hebraico: lechem haP\u0101n\u012bm \u05dc\u05d7\u05dd \u05d4\u05e4\u05e0\u05d9\u05dd, literalmente: &#8220;P\u00e3o da Presen\u00e7a&#8221;), em um contexto b\u00edblico ou judaico, refere-se aos bolos ou p\u00e3es que estavam sempre presentes em uma mesa especialmente dedicada, no Templo de Jerusal\u00e9m, como uma oferenda a Deus.<br \/>\n\n\n\n\n<h2 class=\"wp-block-heading\">Como eram feitos os p\u00e3es da proposi\u00e7\u00e3o?<\/h2>\n\n\n<p><\/p>A Mesa dos P\u00e3es da Proposi\u00e7\u00e3o era feita do mesmo material que a Arca \u2014 madeira de ac\u00e1cia revestida de ouro puro. Media 2 c\u00f4vados (91,44 cm) de comprimento por 1 c\u00f4vado (45,72 cm) de largura e 1 c\u00f4vado (68,58 cm) de altura. Tinha a mesma altura da Arca no Santo dos Santos, mas era menor em comprimento e largura.<br \/>\n\n\n\n\n<h2 class=\"wp-block-heading\">Qual o significado da primeira multiplica\u00e7\u00e3o dos p\u00e3es?<\/h2>\n\n\n<p><\/p>Assim, a li\u00e7\u00e3o que Jesus d\u00e1 na multiplica\u00e7\u00e3o dos p\u00e3es \u00e9 a li\u00e7\u00e3o da solidariedade que sabe partilhar. Onde h\u00e1 partilha n\u00e3o h\u00e1 fome. Jesus sinaliza neste epis\u00f3dio uma maneira diferente de organizar a sociedade, na qual o ego\u00edsmo e a gan\u00e2ncia n\u00e3o formam o n\u00facleo central do sistema, mas sim a vida.<br \/>\n\n\n\n\n<h2 class=\"wp-block-heading\">Como era feito o p\u00e3o da proposi\u00e7\u00e3o?<\/h2>\n\nA Mesa dos P\u00e3es da Proposi\u00e7\u00e3o era feita do mesmo material que a Arca \u2014 madeira de ac\u00e1cia revestida de ouro puro. Media 2 c\u00f4vados (91,44 cm) de comprimento por 1 c\u00f4vado (45,72 cm) de largura e 1 c\u00f4vado (68,58 cm) de altura. Tinha a mesma altura da Arca no Santo dos Santos, mas era menor em comprimento e largura.<br \/>\n\n\n\n\n<h2 class=\"wp-block-heading\">Como eram feitos os p\u00e3es?<\/h2>\n\n\n<p><\/p>Os p\u00e3es eram feitos de farinha misturada com o fruto do carvalho. Os primeiros p\u00e3es eram achatados, duros, secos e muitos amargos. Para ser ingerido, o p\u00e3o era lavado v\u00e1rias vezes em \u00e1gua fervente e depois era assado sobre pedras ou embaixo de cinzas.<br \/>\n\n\n\n\n<h2 class=\"wp-block-heading\">Qual era o prop\u00f3sito da mesa dos p\u00e3es da proposi\u00e7\u00e3o?<\/h2>\n\nO prop\u00f3sito desta mesa era colocar os 12 p\u00e3es feitos de flor de farinha. Eles foram colocados l\u00e1 em duas filas de seis, cada p\u00e3o representando uma das tribos de Israel (Lv 24:8). Lv 24:5-9 &#8220;Tamb\u00e9m tomar\u00e1s da flor de farinha, e dela cozer\u00e1s doze p\u00e3es; cada p\u00e3o ser\u00e1 de duas d\u00edzimas de um efa.<br \/>\n\n\n\n\n<h2 class=\"wp-block-heading\">Para que servia a mesa dos p\u00e3es da proposi\u00e7\u00e3o?<\/h2>\n\n\n<p><\/p>O objetivo principal da mesa era servir de apoio para \u201cos p\u00e3es da proposi\u00e7\u00e3o\u201d (literalmente, \u201cP\u00e3o da Presen\u00e7a\u201d), que era colocado diante da presen\u00e7a (ou face) de \u201cYahweh\u201d (\u00cax 25.30). A cada s\u00e1bado, os sacerdotes substitu\u00edam os p\u00e3es da semana anterior por uma nova por\u00e7\u00e3o de p\u00e3es quentes (Lv 24. 5-9).<br \/>\n\n\n\n\n<h2 class=\"wp-block-heading\">Qual \u00e9 o simbolismo da mesa na B\u00edblia?<\/h2>\n\n\n<p><\/p>O significado da mesa na B\u00edblia est\u00e1 relacionado \u00e0 comunh\u00e3o, \u00e0 partilha e \u00e0 uni\u00e3o entre as pessoas. A mesa \u00e9 um lugar de encontro, onde n\u00e3o s\u00f3 se compartilham refei\u00e7\u00f5es, tamb\u00e9m se fortalecem os la\u00e7os entre familiares e amigos . Na B\u00edblia, a mesa tamb\u00e9m \u00e9 associada \u00e0 presen\u00e7a de Deus e \u00e0 celebra\u00e7\u00e3o da vida.<br \/>\n\n\n\n\n<h2 class=\"wp-block-heading\">O que representava o candelabro?<\/h2>\n\n\n<p><\/p>Entre os celtas, o candelabro era uma representa\u00e7\u00e3o da luz da vit\u00f3ria e, por isso, simbolizava tamb\u00e9m os guerreiros empunhando as suas lan\u00e7as. candelabro (mitologia) na Infop\u00e9dia [em linha].<br \/>\n\n\n\n\n<h2 class=\"wp-block-heading\">O que significam os p\u00e3es da proposi\u00e7\u00e3o na B\u00edblia?<\/h2>\n\nP\u00e3o da proposi\u00e7\u00e3o (em hebraico: lechem haP\u0101n\u012bm \u05dc\u05d7\u05dd \u05d4\u05e4\u05e0\u05d9\u05dd, literalmente: &#8220;P\u00e3o da Presen\u00e7a&#8221;), em um contexto b\u00edblico ou judaico, refere-se aos bolos ou p\u00e3es que estavam sempre presentes em uma mesa especialmente dedicada, no Templo de Jerusal\u00e9m, como uma oferenda a Deus.<br \/>\n\n\n\n\n<h2 class=\"wp-block-heading\">Que significa p\u00e3o da proposi\u00e7\u00e3o na B\u00edblia?<\/h2>\n\n\n<p><\/p>P\u00e3o da proposi\u00e7\u00e3o (em hebraico: lechem haP\u0101n\u012bm \u05dc\u05d7\u05dd \u05d4\u05e4\u05e0\u05d9\u05dd, literalmente: &#8220;P\u00e3o da Presen\u00e7a&#8221;), em um contexto b\u00edblico ou judaico, refere-se aos bolos ou p\u00e3es que estavam sempre presentes em uma mesa especialmente dedicada, no Templo de Jerusal\u00e9m, como uma oferenda a Deus.<br \/>\n\n\n\n\n<h2 class=\"wp-block-heading\">Qual a simbologia do p\u00e3o na B\u00edblia?<\/h2>\n\n\n<p><\/p>O p\u00e3o \u00e9 um dom de Deus. \u00c9 Deus quem alimenta, sustenta e nutre a vida humana. Deus fez cair o p\u00e3o do c\u00e9u, o man\u00e1 (Ex16), o p\u00e3o enviado do c\u00e9u para saciar a fome do povo que peregrinava no deserto. O p\u00e3o que foi dado para mostrar que nem s\u00f3 de p\u00e3o vive o homem, mas de toda Palavra que sai da boca de Deus (Dt 8,3).<br \/>\n\n\n\n\n<h2 class=\"wp-block-heading\">Quem comeu o p\u00e3o da proposi\u00e7\u00e3o?<\/h2>\n\nDavi recebe ajuda do sacerdote Aimeleque \u2014 Come o p\u00e3o da proposi\u00e7\u00e3o \u2014 Vai para Gate, onde simula loucura.<br \/>\n\n\n\n\n<h2 class=\"wp-block-heading\">Quem comeu os p\u00e3es da proposi\u00e7\u00e3o?<\/h2>\n\n\n<p><\/p>Davi recebe ajuda do sacerdote Aimeleque \u2014 Come o p\u00e3o da proposi\u00e7\u00e3o \u2014 Vai para Gate, onde simula loucura.<br \/>\n\n\n\n\n<h2 class=\"wp-block-heading\">O que significa p\u00e3o da preposi\u00e7\u00e3o na B\u00edblia?<\/h2>\n\n\n<p><\/p>P\u00e3o da proposi\u00e7\u00e3o (em hebraico: lechem haP\u0101n\u012bm \u05dc\u05d7\u05dd \u05d4\u05e4\u05e0\u05d9\u05dd, literalmente: &#8220;P\u00e3o da Presen\u00e7a&#8221;), em um contexto b\u00edblico ou judaico, refere-se aos bolos ou p\u00e3es que estavam sempre presentes em uma mesa especialmente dedicada, no Templo de Jerusal\u00e9m, como uma oferenda a Deus.<br \/>\n\n\n\n\n<h2 class=\"wp-block-heading\">Quem foi que comeu o p\u00e3o na casa do Jo\u00e3o?<\/h2>\n\n\n<p><\/p>\n\n<ul class=\"wp-block-list\">\n<li>Vis\u00e3o geral do livro<\/li>\n<li> O menino, a irm\u00e3, o pai, a m\u00e3e, a parentada toda se livra da culpa, apontando um outro como suspeito. Eis que vem a surpresa&#8230; As formigas, cuja natureza \u00e9 conhecida pelo h\u00e1bito de acumular alimentos para os tempos magros, levaram o p\u00e3o.<\/li>\n<\/ul>\n\n\n\n\n<h2 class=\"wp-block-heading\">Porque Davi mentiu para Aimeleque?<\/h2>\n\n\n<p><\/p>O sacerdote Aimeleque ficou tomado de medo ao avistar Davi sozinho e perguntou qual era o motivo de sua visita. Davi mentiu, provavelmente com a inten\u00e7\u00e3o de proteger o sacerdote caso Saul soubesse que este o havia ajudado.<br \/>\n\n\n","protected":false},"excerpt":{"rendered":"<p>O que significa &#8220;p\u00e3es da proposi\u00e7\u00e3o&#8221; na B\u00edblia? O que era a mesa dos p\u00e3es da proposi\u00e7\u00e3o? A Mesa dos P\u00e3es da Proposi\u00e7\u00e3o era feita do mesmo material que a Arca \u2014 madeira de ac\u00e1cia revestida de ouro puro. Media 2 c\u00f4vados (91,44 cm) de comprimento por 1 c\u00f4vado (45,72 cm) de largura e 1 [&hellip;]<\/p>\n","protected":false},"author":2,"featured_media":0,"comment_status":"open","ping_status":"closed","sticky":false,"template":"","format":"standard","meta":{"footnotes":""},"categories":[1],"tags":[],"class_list":["post-17215","post","type-post","status-publish","format-standard","hentry","category-conteudo"],"_links":{"self":[{"href":"https:\/\/ammabarbacena.com.br\/perguntas-frequentes\/wp-json\/wp\/v2\/posts\/17215","targetHints":{"allow":["GET"]}}],"collection":[{"href":"https:\/\/ammabarbacena.com.br\/perguntas-frequentes\/wp-json\/wp\/v2\/posts"}],"about":[{"href":"https:\/\/ammabarbacena.com.br\/perguntas-frequentes\/wp-json\/wp\/v2\/types\/post"}],"author":[{"embeddable":true,"href":"https:\/\/ammabarbacena.com.br\/perguntas-frequentes\/wp-json\/wp\/v2\/users\/2"}],"replies":[{"embeddable":true,"href":"https:\/\/ammabarbacena.com.br\/perguntas-frequentes\/wp-json\/wp\/v2\/comments?post=17215"}],"version-history":[{"count":1,"href":"https:\/\/ammabarbacena.com.br\/perguntas-frequentes\/wp-json\/wp\/v2\/posts\/17215\/revisions"}],"predecessor-version":[{"id":17216,"href":"https:\/\/ammabarbacena.com.br\/perguntas-frequentes\/wp-json\/wp\/v2\/posts\/17215\/revisions\/17216"}],"wp:attachment":[{"href":"https:\/\/ammabarbacena.com.br\/perguntas-frequentes\/wp-json\/wp\/v2\/media?parent=17215"}],"wp:term":[{"taxonomy":"category","embeddable":true,"href":"https:\/\/ammabarbacena.com.br\/perguntas-frequentes\/wp-json\/wp\/v2\/categories?post=17215"},{"taxonomy":"post_tag","embeddable":true,"href":"https:\/\/ammabarbacena.com.br\/perguntas-frequentes\/wp-json\/wp\/v2\/tags?post=17215"}],"curies":[{"name":"wp","href":"https:\/\/api.w.org\/{rel}","templated":true}]}}