{"id":17201,"date":"2025-08-06T05:48:39","date_gmt":"2025-08-06T05:48:39","guid":{"rendered":"http:\/\/99d27b71-33b1-4fc5-9147-59e1a76b1761"},"modified":"2025-08-06T05:48:39","modified_gmt":"2025-08-06T05:48:39","slug":"o-que-e-punicacia-na-biblia","status":"publish","type":"post","link":"https:\/\/ammabarbacena.com.br\/perguntas-frequentes\/o-que-e-punicacia-na-biblia\/","title":{"rendered":"O que \u00e9 punicacia na b\u00edblia"},"content":{"rendered":"\n\n<h2 class=\"wp-block-heading\">O que quer dizer punicacia?<\/h2>\n\n1. Relativo ou semelhante \u00e0 romeira ou \u00e0 rom\u00e3. 2. [ Bot\u00e2nica ] Relativo \u00e0s punic\u00e1ceas.<br \/>\n\n\n\n\n<h2 class=\"wp-block-heading\">O que \u00e9 punicacia significado?<\/h2>\n\n\n<p><\/p>1. Relativo ou semelhante \u00e0 romeira ou \u00e0 rom\u00e3. 2. [ Bot\u00e2nica ] Relativo \u00e0s punic\u00e1ceas.<br \/>\n\n\n\n\n<h2 class=\"wp-block-heading\">O que quer dizer a palavra incipi\u00eancia?<\/h2>\n\n\n<p><\/p>O mesmo que ignor\u00e2ncia, insci\u00eancia. O contr\u00e1rio, portanto, de sapi\u00eancia. Quer ainda dizer falta de senso, imprud\u00eancia, insensatez.<br \/>\n\n\n\n\n<h2 class=\"wp-block-heading\">O que significa a palavra paf\u00fancia?<\/h2>\n\n\n<p><\/p>1. Inspirado por uma divindade; possu\u00eddo por um deus. 2. Cheio de amor divino.<br \/>\n\n\n\n\n<h2 class=\"wp-block-heading\">O que significa punicaceae?<\/h2>\n\n\n<p><\/p>Do g\u00e9nero Punica, fam\u00edlia Punicaceae, a rom\u00e3zeira \u00e9 um arbusto ou pequena \u00e1rvore de folha caduca, que pode atingir cerca de 5 m de altura.<br \/>\n\n\n\n\n<h2 class=\"wp-block-heading\">O que quer dizer punicacia na B\u00edblia?<\/h2>\n\nPunic\u00e1cia \u00e9 um termo usado em alus\u00e3o as 3 guerras p\u00fanicas, ou seja , briga, confus\u00e3o, etc. a rela\u00e7\u00e3o entre a Malu e seu pai \u00e9 uma punic\u00e1cia. (sempre guerreando um com o outro, n\u00e3o se entendem).<br \/>\n\n\n\n\n<h2 class=\"wp-block-heading\">Qual o contr\u00e1rio de punica\u00e7\u00e3o?<\/h2>\n\n\n<p><\/p>O contr\u00e1rio de puni\u00e7\u00e3o \u00e9: 1 remit\u00eancia, remiss\u00e3o, indulg\u00eancia, exculpa\u00e7\u00e3o, indulto, perd\u00e3o, recompensa, releva\u00e7\u00e3o.<br \/>\n\n\n\n\n<h2 class=\"wp-block-heading\">Qual a origem e significado da palavra punica?<\/h2>\n\nA palavra p\u00fanico \u00e9 derivada da express\u00e3o latina punicus, que significa \u201cos habitantes de Cartago\u201d. Os conflitos que ficaram conhecidos, posteriormente, como \u201cGuerras P\u00fanicas\u201d ocorreram em tr\u00eas momentos diferentes entre os s\u00e9culos III e II a.C.<br \/>\n\n\n\n\n<h2 class=\"wp-block-heading\">O que \u00e9 punica?<\/h2>\n\n\n<p><\/p>Punica refere-se ao g\u00eanero de pequenas \u00e1rvores e arbustos da fam\u00edlia Lythraceae, exemplificado pela rom\u00e3 (Punica granatum), caracterizada por suas grandes flores solit\u00e1rias, casca espessa amarelo-avermelhada e conte\u00fado significativo de tanino, que \u00e9 utilizado para tingimento natural.<br \/>\n\n\n\n\n<h2 class=\"wp-block-heading\">Por que os romanos chamavam os cartagineses de p\u00fanicos?<\/h2>\n\n\n<p><\/p>O adjetivo &#8220;P\u00fanico&#8221; deriva do nome dado aos cartagineses pelos romanos (Punici) (de Poenici, ou seja, fen\u00edcia). Localizada no norte da \u00c1frica, por volta do s\u00e9culo III a.C. Cartago dominava o com\u00e9rcio do Mediterr\u00e2neo.<br \/>\n\n\n\n\n<h2 class=\"wp-block-heading\">Porque punica?<\/h2>\n\nO termo p\u00fanica se deu porque os romanos referiam-se aos cartaginenses como punici, fazendo men\u00e7\u00e3o \u00e0 origem fen\u00edcia de Cartago.<br \/>\n\n\n\n\n<h2 class=\"wp-block-heading\">Por que o nome P\u00fanicas?<\/h2>\n\n\n<p><\/p>As Guerras P\u00fanicas foram conflitos envolvendo Roma e Cartago pelo dom\u00ednio do Mar Mediterr\u00e2neo. O nome da guerra tem origem na denomina\u00e7\u00e3o \u201cpuni\u201d que os romanos deram aos fen\u00edcios. Cartago, localizada no Norte da \u00c1frica, era uma antiga col\u00f4nia fen\u00edcia.<br \/>\n\n\n\n\n<h2 class=\"wp-block-heading\">Qual a diferen\u00e7a entre Roma e Cartago?<\/h2>\n\n\n<p><\/p>Cartago lutou para manter seu controle comercial sobre o mar Mediterr\u00e2neo, enquanto Roma lutou para expandir seus dom\u00ednios pol\u00edticos e militares sobre os povos da Pen\u00ednsula It\u00e1lica e, depois, por todo o litoral do Mediterr\u00e2neo.<br \/>\n\n\n\n\n<h2 class=\"wp-block-heading\">Quem derrotou o ex\u00e9rcito romano em Canas?<\/h2>\n\n\n<p><\/p>Em 2 de agosto de 216 a.C., o chefe cartagin\u00eas An\u00edbal Barca derrotou o ex\u00e9rcito romano comandado por Varr\u00e3o em Canas, no sul da pen\u00ednsula It\u00e1lica.<br \/>\n\n\n","protected":false},"excerpt":{"rendered":"<p>O que quer dizer punicacia? 1. Relativo ou semelhante \u00e0 romeira ou \u00e0 rom\u00e3. 2. [ Bot\u00e2nica ] Relativo \u00e0s punic\u00e1ceas. O que \u00e9 punicacia significado? 1. Relativo ou semelhante \u00e0 romeira ou \u00e0 rom\u00e3. 2. [ Bot\u00e2nica ] Relativo \u00e0s punic\u00e1ceas. O que quer dizer a palavra incipi\u00eancia? O mesmo que ignor\u00e2ncia, insci\u00eancia. O [&hellip;]<\/p>\n","protected":false},"author":2,"featured_media":0,"comment_status":"open","ping_status":"closed","sticky":false,"template":"","format":"standard","meta":{"footnotes":""},"categories":[1],"tags":[],"class_list":["post-17201","post","type-post","status-publish","format-standard","hentry","category-conteudo"],"_links":{"self":[{"href":"https:\/\/ammabarbacena.com.br\/perguntas-frequentes\/wp-json\/wp\/v2\/posts\/17201","targetHints":{"allow":["GET"]}}],"collection":[{"href":"https:\/\/ammabarbacena.com.br\/perguntas-frequentes\/wp-json\/wp\/v2\/posts"}],"about":[{"href":"https:\/\/ammabarbacena.com.br\/perguntas-frequentes\/wp-json\/wp\/v2\/types\/post"}],"author":[{"embeddable":true,"href":"https:\/\/ammabarbacena.com.br\/perguntas-frequentes\/wp-json\/wp\/v2\/users\/2"}],"replies":[{"embeddable":true,"href":"https:\/\/ammabarbacena.com.br\/perguntas-frequentes\/wp-json\/wp\/v2\/comments?post=17201"}],"version-history":[{"count":1,"href":"https:\/\/ammabarbacena.com.br\/perguntas-frequentes\/wp-json\/wp\/v2\/posts\/17201\/revisions"}],"predecessor-version":[{"id":17202,"href":"https:\/\/ammabarbacena.com.br\/perguntas-frequentes\/wp-json\/wp\/v2\/posts\/17201\/revisions\/17202"}],"wp:attachment":[{"href":"https:\/\/ammabarbacena.com.br\/perguntas-frequentes\/wp-json\/wp\/v2\/media?parent=17201"}],"wp:term":[{"taxonomy":"category","embeddable":true,"href":"https:\/\/ammabarbacena.com.br\/perguntas-frequentes\/wp-json\/wp\/v2\/categories?post=17201"},{"taxonomy":"post_tag","embeddable":true,"href":"https:\/\/ammabarbacena.com.br\/perguntas-frequentes\/wp-json\/wp\/v2\/tags?post=17201"}],"curies":[{"name":"wp","href":"https:\/\/api.w.org\/{rel}","templated":true}]}}