{"id":17113,"date":"2025-08-06T05:01:35","date_gmt":"2025-08-06T05:01:35","guid":{"rendered":"http:\/\/47ca5666-cf34-480f-9032-7d562ae8e205"},"modified":"2025-08-06T05:01:35","modified_gmt":"2025-08-06T05:01:35","slug":"o-que-e-prado-na-biblia","status":"publish","type":"post","link":"https:\/\/ammabarbacena.com.br\/perguntas-frequentes\/o-que-e-prado-na-biblia\/","title":{"rendered":"O que \u00e9 prado na b\u00edblia"},"content":{"rendered":"\n\n<h2 class=\"wp-block-heading\">O que significa prado na B\u00edblia?<\/h2>\n\nTerreno coberto de plantas herb\u00e1ceas que servem para pastagem; campina.<br \/>\n\n\n\n\n<h2 class=\"wp-block-heading\">O que significa a palavra prado na B\u00edblia?<\/h2>\n\n\n<p><\/p>Terreno coberto de plantas herb\u00e1ceas que servem para pastagem; campina.<br \/>\n\n\n\n\n<h2 class=\"wp-block-heading\">O que significa &#8220;prado real&#8221;?<\/h2>\n\n\n<p><\/p>\n\n<ul class=\"wp-block-list\">\n<li>Categoria Ingl\u00eas<\/li>\n<li> Alguns atribuem a tradu\u00e7\u00e3o do ingl\u00eas para o portugu\u00eas da palavra &#8220;prado real&#8221;, relacionando-o \u00e0 ideia de um campo florido e luxuriante.<\/li>\n<\/ul>\n\n\n\n\n<h2 class=\"wp-block-heading\">Qual a origem da fam\u00edlia Prado?<\/h2>\n\n\n<p><\/p>Sobre a origem do sobrenome, existem duas poss\u00edveis origens conhecidas para o sobrenome Prado (italiano e\/ou espanhol): A primeira indica que a origem do sobrenome vem da Espanha, quando o filho de uma nobre adotou o sobrenome em homenagem a prado , palavra espanhola para campo, onde nasceu.<br \/>\n\n\n\n\n<h2 class=\"wp-block-heading\">O que significa prado dos pastores?<\/h2>\n\n\n<p><\/p>[F.: Do lat. pratum, i.] s. m. || terreno coberto de plantas herb\u00e1ceas que servem para forragens e de que o gado se utiliza j\u00e1 como pastagem, j\u00e1 depois de cortadas comendo-as em verde ou em seco.<br \/>\n\n\n\n\n<h2 class=\"wp-block-heading\">Qual \u00e9 o significado do nome Prado?<\/h2>\n\nO nome Prado tem uma origem hisp\u00e2nica e est\u00e1 relacionado com a palavra &#8220;prado&#8221;, que significa &#8220;pradaria&#8221; ou &#8220;campo verde&#8221;. Esse nome remete a um local naturalmente bonito e tranquilo, associado \u00e0 natureza e \u00e0 tranquilidade.<br \/>\n\n\n\n\n<h2 class=\"wp-block-heading\">Qual \u00e9 a origem da fam\u00edlia Prado?<\/h2>\n\n\n<p><\/p>Sobre a origem do sobrenome, existem duas poss\u00edveis origens conhecidas para o sobrenome Prado (italiano e\/ou espanhol): A primeira indica que a origem do sobrenome vem da Espanha, quando o filho de uma nobre adotou o sobrenome em homenagem a prado , palavra espanhola para campo, onde nasceu.<br \/>\n\n\n\n\n<h2 class=\"wp-block-heading\">O que \u00e9 prado em portugu\u00eas?<\/h2>\n\n\n<p><\/p>\n\n<ul class=\"wp-block-list\">\n<li>Dicion\u00e1rio Brasileiro da L\u00edngua Portuguesa<\/li>\n<li> 1 Terreno coberto de plantas herb\u00e1ceas pr\u00f3prias para pastagem ou forragem para o gado; pastagem, pasto.<\/li>\n<\/ul>\n\n\n\n\n<h2 class=\"wp-block-heading\">Qual o significado do nome Prado?<\/h2>\n\n\n<p><\/p>O nome Prado tem uma origem hisp\u00e2nica e est\u00e1 relacionado com a palavra &#8220;prado&#8221;, que significa &#8220;pradaria&#8221; ou &#8220;campo verde&#8221;. Esse nome remete a um local naturalmente bonito e tranquilo, associado \u00e0 natureza e \u00e0 tranquilidade.<br \/>\n\n\n\n\n<h2 class=\"wp-block-heading\">Quantas pessoas t\u00eam o sobrenome Prado no Brasil?<\/h2>\n\n\n<p><\/p>Encontramos 1,695,597 registros do sobrenome Prado.<br \/>\n\n\n\n\n<h2 class=\"wp-block-heading\">O que \u00e9 prado dos pastores?<\/h2>\n\nO Prado \u00e9 uma sociedade formada por padres diocesanos de todo o mundo. Foi criado no s\u00e9culo 19 para aproximar os presb\u00edteros do chamado para seguir Jesus Cristo mais de perto e torna-se assim mais eficaz na evangeliza\u00e7\u00e3o dos pobres.<br \/>\n\n\n\n\n<h2 class=\"wp-block-heading\">O que quer dizer prado na B\u00edblia?<\/h2>\n\n\n<p><\/p>substantivo masculino Terreno coberto de plantas herb\u00e1ceas que servem para pastagem; campina.<br \/>\n\n\n\n\n<h2 class=\"wp-block-heading\">O que \u00e9 a espiritualidade do Prado?<\/h2>\n\n\n<p><\/p>A espiritualidade pradosiana aponta para a vida comunit\u00e1ria e o apoio comunit\u00e1rio. Isto inclui a vida fraterna e o apoio aos nossos irm\u00e3os sacerdotes da diocese. Sempre que poss\u00edvel, o Bispo facilitar\u00e1 centros de vida em equipa que re\u00fanam sacerdotes do Prado.<br \/>\n\n\n\n\n<h2 class=\"wp-block-heading\">Quem criou os prados?<\/h2>\n\n\n<p><\/p>Explica\u00e7\u00e3o. c) Segundo o poema, os prados foram criados por Deus.<br \/>\n\n\n\n\n<h2 class=\"wp-block-heading\">Qual \u00e9 o significado de prados verdes?<\/h2>\n\n[F.: Do lat. pratum, i.] s. m. || terreno coberto de plantas herb\u00e1ceas que servem para forragens e de que o gado se utiliza j\u00e1 como pastagem, j\u00e1 depois de cortadas comendo-as em verde ou em seco.<br \/>\n\n\n\n\n<h2 class=\"wp-block-heading\">O que quer dizer prado verde?<\/h2>\n\n\n<p><\/p>Terreno coberto de plantas herb\u00e1ceas que servem para forragem.<br \/>\n\n\n\n\n<h2 class=\"wp-block-heading\">Qual \u00e9 o significado de &#8220;verdes prados&#8221;?<\/h2>\n\n\n<p><\/p>Mais tradu\u00e7\u00f5es em contexto: pastos verdejantes, campos verdes, pastos verdes, verdes campos, prados verdejantes &#8230;<br \/>\n\n\n\n\n<h2 class=\"wp-block-heading\">O que s\u00e3o prados de ervas marinhas?<\/h2>\n\n\n<p><\/p>Os prados de ervas marinhas s\u00e3o ecossistemas ricos em biodiversidade que ocorrem em todo o globo, tanto em mares tropicais como temperados. Eles cont\u00eam teias alimentares complexas que fornecem subs\u00eddio tr\u00f3fico para esp\u00e9cies e habitats muito al\u00e9m da extens\u00e3o de sua distribui\u00e7\u00e3o.<br \/>\n\n\n\n\n<h2 class=\"wp-block-heading\">Quem foi o primeiro prado?<\/h2>\n\nO mais importante membro da primeira gera\u00e7\u00e3o brasileira dos Prado foi o primeiro Martinho Prado (1722\/23-1770), um entre os dois filhos e quatro filhas de Antonio da Silva Prado e Francisca da Siqueira Moraes.<br \/>\n\n\n\n\n<h2 class=\"wp-block-heading\">Qual a descend\u00eancia do sobrenome Prado?<\/h2>\n\n\n<p><\/p>Sobre a origem do sobrenome, existem duas poss\u00edveis origens conhecidas para o sobrenome Prado (italiano e\/ou espanhol): A primeira indica que a origem do sobrenome vem da Espanha, quando o filho de uma nobre adotou o sobrenome em homenagem a prado , palavra espanhola para campo, onde nasceu.<br \/>\n\n\n\n\n<h2 class=\"wp-block-heading\">Quem foi o primeiro prefeito de Prado?<\/h2>\n\n\n<p><\/p>A escultura em bronze, feita pelo artista e professor \u00edtalo-brasileiro Amadeu Zani, homenageia o agricultor, empres\u00e1rio, pol\u00edtico e jornalista Ant\u00f4nio da Silva Prado, que em 1898 tornou-se o primeiro prefeito paulistano. Prado nasceu na cidade de S\u00e3o Paulo em 25 de fevereiro de 1840.<br \/>\n\n\n\n\n<h2 class=\"wp-block-heading\">Quem foi a fam\u00edlia Prado?<\/h2>\n\n\n<p><\/p>Os membros da fam\u00edlia Prado foram pioneiros na abertura das fronteiras agr\u00edcolas de S\u00e3o Paulo e empreendedores de vanguarda no com\u00e9rcio, nas estradas de ferro e na ind\u00fastria, mostrando em todas essas atividades a marca de seu esp\u00edrito inovador.<br \/>\n\n\n\n\n<h2 class=\"wp-block-heading\">Quem foi Antonio Prado?<\/h2>\n\n\n<p><\/p>Fazendeiro e empres\u00e1rio, Antonio da Silva Prado era um apaixonado por inova\u00e7\u00f5es, principalmente por trens e eletricidade. Nos doze anos em que foi prefeito de S\u00e3o Paulo (1899 a 1911), trouxe para a capital uma novidade que representava a modernidade da \u00e9poca: o bonde el\u00e9trico.<br \/>\n\n\n\n\n<h2 class=\"wp-block-heading\">Como descobrir a descend\u00eancia do sobrenome?<\/h2>\n\n\n<p><\/p>Existem diversos recursos online que podem ajudar a rastrear a origem de um sobrenome, sites como Ancestry.com, MyHeritage e FamilySearch oferecem vastos bancos de dados de registros civis e censos hist\u00f3ricos.<br \/>\n\n\n\n\n<h2 class=\"wp-block-heading\">O que s\u00e3o prados?<\/h2>\n\nUm prado ( \/ \u02c8m\u025bdo\u028a \/ MED- oh ) \u00e9 um habitat aberto ou campo, vegetado por gram\u00edneas , ervas e outras plantas n\u00e3o lenhosas . \u00c1rvores ou arbustos podem povoar esparsamente os prados, desde que mantenham um car\u00e1ter aberto.<br \/>\n\n\n\n\n<h2 class=\"wp-block-heading\">O que s\u00e3o prados e campinas?<\/h2>\n\n\n<p><\/p>\n\n<ul class=\"wp-block-list\">\n<li>Significado de Prados<\/li>\n<li> O mesmo que: campinas, hip\u00f3dromos, pastos, vargens, v\u00e1rzeas.<\/li>\n<\/ul>\n\n\n\n\n<h2 class=\"wp-block-heading\">Quem \u00e9 o Prado?<\/h2>\n\n\n<p><\/p>Um dos principais nomes do Partido Liberal no Estado de S\u00e3o Paulo, o deputado Andr\u00e9 do Prado foi eleito presidente da Assembleia Legislativa e ter\u00e1 a miss\u00e3o de dirigir o maior parlamento estadual da Am\u00e9rica Latina no bi\u00eanio 2023 a 2025.<br \/>\n\n\n","protected":false},"excerpt":{"rendered":"<p>O que significa prado na B\u00edblia? Terreno coberto de plantas herb\u00e1ceas que servem para pastagem; campina. O que significa a palavra prado na B\u00edblia? Terreno coberto de plantas herb\u00e1ceas que servem para pastagem; campina. O que significa &#8220;prado real&#8221;? Qual a origem da fam\u00edlia Prado? Sobre a origem do sobrenome, existem duas poss\u00edveis origens conhecidas [&hellip;]<\/p>\n","protected":false},"author":2,"featured_media":0,"comment_status":"open","ping_status":"closed","sticky":false,"template":"","format":"standard","meta":{"footnotes":""},"categories":[1],"tags":[],"class_list":["post-17113","post","type-post","status-publish","format-standard","hentry","category-conteudo"],"_links":{"self":[{"href":"https:\/\/ammabarbacena.com.br\/perguntas-frequentes\/wp-json\/wp\/v2\/posts\/17113","targetHints":{"allow":["GET"]}}],"collection":[{"href":"https:\/\/ammabarbacena.com.br\/perguntas-frequentes\/wp-json\/wp\/v2\/posts"}],"about":[{"href":"https:\/\/ammabarbacena.com.br\/perguntas-frequentes\/wp-json\/wp\/v2\/types\/post"}],"author":[{"embeddable":true,"href":"https:\/\/ammabarbacena.com.br\/perguntas-frequentes\/wp-json\/wp\/v2\/users\/2"}],"replies":[{"embeddable":true,"href":"https:\/\/ammabarbacena.com.br\/perguntas-frequentes\/wp-json\/wp\/v2\/comments?post=17113"}],"version-history":[{"count":1,"href":"https:\/\/ammabarbacena.com.br\/perguntas-frequentes\/wp-json\/wp\/v2\/posts\/17113\/revisions"}],"predecessor-version":[{"id":17114,"href":"https:\/\/ammabarbacena.com.br\/perguntas-frequentes\/wp-json\/wp\/v2\/posts\/17113\/revisions\/17114"}],"wp:attachment":[{"href":"https:\/\/ammabarbacena.com.br\/perguntas-frequentes\/wp-json\/wp\/v2\/media?parent=17113"}],"wp:term":[{"taxonomy":"category","embeddable":true,"href":"https:\/\/ammabarbacena.com.br\/perguntas-frequentes\/wp-json\/wp\/v2\/categories?post=17113"},{"taxonomy":"post_tag","embeddable":true,"href":"https:\/\/ammabarbacena.com.br\/perguntas-frequentes\/wp-json\/wp\/v2\/tags?post=17113"}],"curies":[{"name":"wp","href":"https:\/\/api.w.org\/{rel}","templated":true}]}}