{"id":16705,"date":"2025-08-01T06:08:27","date_gmt":"2025-08-01T06:08:27","guid":{"rendered":"http:\/\/f62d92ce-cf03-4761-9710-527ce6645184"},"modified":"2025-08-01T06:08:27","modified_gmt":"2025-08-01T06:08:27","slug":"o-que-e-o-periodo-chaba-na-biblia","status":"publish","type":"post","link":"https:\/\/ammabarbacena.com.br\/perguntas-frequentes\/o-que-e-o-periodo-chaba-na-biblia\/","title":{"rendered":"O que \u00e9 o per\u00edodo chaba na b\u00edblia"},"content":{"rendered":"\n\n<h2 class=\"wp-block-heading\">O que \u00e9 chaba na B\u00edblia?<\/h2>\n\nO Chassidismo Chabad \u00e9 um sistema de filosofia religiosa que ensina a compreens\u00e3o e o reconhecimento do Criador por meio da aplica\u00e7\u00e3o das tr\u00eas qualidades intelectuais: Chochm\u00e1 (sabedoria), Bin\u00e1 (compreens\u00e3o) e Daat (conhecimento). As iniciais dessas tr\u00eas palavras hebraicas formam a palavra &#8221; Chabad &#8220;.<br \/>\n\n\n\n\n<h2 class=\"wp-block-heading\">Qual o significado de coban?<\/h2>\n\n\n<p><\/p>\n\n<ul class=\"wp-block-list\">\n<li>Correspondente Banc\u00e1rio do Banco do Brasil (Coban)<\/li>\n<li> O cr\u00e9dito possibilita financiamentos aos agricultores para implanta\u00e7\u00e3o, amplia\u00e7\u00e3o e moderniza\u00e7\u00e3o da estrutura de produ\u00e7\u00f5es agr\u00edcolas em \u00e1reas rurais, desenvolvendo a economia, a renda e a m\u00e3o de obra familiar.<\/li>\n<\/ul>\n\n\n\n\n<h2 class=\"wp-block-heading\">O que o Shabat significa?<\/h2>\n\n\n\n<h2 class=\"wp-block-heading\">O que \u00e9 o Shabat segundo a B\u00edblia?<\/h2>\n\n\n<p><\/p>Shabat (do hebraico \u05e9\u05d1\u05ea, shab\u0101t; shabos ou shabes na pron\u00fancia asquenazita, &#8220;descanso\/inatividade&#8221;), tamb\u00e9m grafado como sab\u00e1 ou sabat, \u00e9 o dia de descanso semanal no juda\u00edsmo, simbolizando o s\u00e9timo dia no G\u00eanesis, ap\u00f3s os seis dias da Cria\u00e7\u00e3o.<br \/>\n\n\n\n\n<h2 class=\"wp-block-heading\">Quais s\u00e3o as regras do Shabat?<\/h2>\n\n\n<p><\/p>O Shabat come\u00e7a com o p\u00f4r do sol da sexta-feira e termina ao anoitecer do s\u00e1bado. \u00c9 o s\u00e9timo dia da semana judaica e \u00e9 dedicado ao descanso. No Shabat voc\u00ea n\u00e3o trabalha, n\u00e3o dirige, n\u00e3o cozinha e n\u00e3o compra; \u00e9 um dia dedicado \u00e0 ora\u00e7\u00e3o e \u00e0 desconex\u00e3o total.<br \/>\n\n\n\n\n<h2 class=\"wp-block-heading\">Como \u00e9 o Shabat em Israel?<\/h2>\n\n\n<p><\/p>O Shabat tem in\u00edcio aos 18 minutos antes do p\u00f4r do sol de sexta-feira, mas isso pode variar, como em Jerusal\u00e9m, que come\u00e7a aos 36 minutos, e se estende at\u00e9 cerca de uma hora ap\u00f3s o sol se p\u00f4r no s\u00e1bado (at\u00e9 as primeiras tr\u00eas estrelas poderem ser vistas no c\u00e9u).<br \/>\n\n\n\n\n<h2 class=\"wp-block-heading\">O que Jesus disse sobre o Shabat?<\/h2>\n\n\n<p><\/p>Jesus que age com verdadeira liberdade diante do s\u00e1bado, que tinha um profundo significado religioso para o povo judeu. Segundo Ex 20, 10 e Dt 5, 14: \u00ab o s\u00e9timo dia \u00e9 o s\u00e1bado para Iahweh teu Deus, porque Deus repousou de toda a sua obra criadora\u00bb.<br \/>\n\n\n\n\n<h2 class=\"wp-block-heading\">O que era o Shabat na \u00e9poca de Jesus?<\/h2>\n\nSegundo o Instituto Morash\u00e1 de Cultura, seguir o Shabat \u00e9 \u201cum sinal atrav\u00e9s do qual testemunhamos que o Criador criou o universo f\u00edsico em seis dias e, no s\u00e9timo, cessou de cri\u00e1-lo\u201d. Ent\u00e3o, para os praticantes, \u00e9 um per\u00edodo de se reunir com a fam\u00edlia e, na noite de sexta, acender velas e fazer um jantar festivo.<br \/>\n\n\n\n\n<h2 class=\"wp-block-heading\">O que era o Shabat segundo a B\u00edblia?<\/h2>\n\n\n<p><\/p>Shabat (do hebraico \u05e9\u05d1\u05ea, shab\u0101t; shabos ou shabes na pron\u00fancia asquenazita, &#8220;descanso\/inatividade&#8221;), tamb\u00e9m grafado como sab\u00e1 ou sabat, \u00e9 o dia de descanso semanal no juda\u00edsmo, simbolizando o s\u00e9timo dia no G\u00eanesis, ap\u00f3s os seis dias da Cria\u00e7\u00e3o.<br \/>\n\n\n\n\n<h2 class=\"wp-block-heading\">O que significa Shabat na \u00e9poca de Jesus Cristo?<\/h2>\n\n\n<p><\/p>No juda\u00edsmo, o Shabat \u00e9 o s\u00e9timo dia da semana, que vai do p\u00f4r do sol de sexta-feira ao p\u00f4r do sol de s\u00e1bado. \u00c9 um dia em que os judeus s\u00e3o obrigados pela Tor\u00e1 a se absterem de seus trabalhos di\u00e1rios e dedicarem tempo \u00e0 adora\u00e7\u00e3o a Deus.<br \/>\n\n\n\n\n<h2 class=\"wp-block-heading\">O que Jesus diz sobre o Shabat?<\/h2>\n\n\n<p><\/p>Jesus n\u00e3o aboliu o s\u00e1bado, mas ele explicou que o s\u00e1bado foi criado para nos ajudar, n\u00e3o para nos restringir. N\u00e3o h\u00e1 problema nenhum em descansar no domingo, em vez de no s\u00e1bado. O s\u00e1bado foi criado para nosso bem, n\u00e3o para nos prejudicar. S\u00e1bado em hebraico significa \u201cdia de descanso\u201d.<br \/>\n\n\n\n\n<h2 class=\"wp-block-heading\">O que era a comemora\u00e7\u00e3o do Shabat?<\/h2>\n\n\n<p><\/p>O Shabat Shalom \u00e9 parte da comemora\u00e7\u00e3o de Sucot, tamb\u00e9m conhecida como Festa dos Tabern\u00e1culos, que come\u00e7ou \u00e0 meia-noite de 29 de setembro e seguiu at\u00e9 o in\u00edcio da noite do dia 6 de outubro. Nesse per\u00edodo, os judeus comemoram o in\u00edcio da colheita e a chegada do outono.<br \/>\n\n\n\n\n<h2 class=\"wp-block-heading\">O que Jesus fez no Shabat?<\/h2>\n\n\n<p><\/p>Jesus falou do Shabat como uma d\u00e1diva que Deus concedeu para beneficiar, e n\u00e3o para oprimir, o seu povo. Lemos no Evangelho de Marcos: Num s\u00e1bado, Jesus estava passando pelas searas e, enquanto caminhavam, seus disc\u00edpulos come\u00e7aram a colher espigas.<br \/>\n\n\n\n\n<h2 class=\"wp-block-heading\">A que horas come\u00e7a o Shabat?<\/h2>\n\nO shabat come\u00e7a com o p\u00f4r-do-sol na sexta-feira e termina ao anoitecer do s\u00e1bado. O shabat est\u00e1 rodeado de normas e restri\u00e7\u00f5es escritas na Tor\u00e1 que ditam o que podem fazer e que atividades s\u00e3o proibidas durante o dia sagrado.<br \/>\n\n\n\n\n<h2 class=\"wp-block-heading\">Que horas come\u00e7a o Shabat?<\/h2>\n\n\n<p><\/p>O shabat come\u00e7a com o p\u00f4r-do-sol na sexta-feira e termina ao anoitecer do s\u00e1bado. O shabat est\u00e1 rodeado de normas e restri\u00e7\u00f5es escritas na Tor\u00e1 que ditam o que podem fazer e que atividades s\u00e3o proibidas durante o dia sagrado.<br \/>\n\n\n\n\n<h2 class=\"wp-block-heading\">Que horas come\u00e7a o s\u00e1bado para os judeus?<\/h2>\n\n\n<p><\/p>Shabat, tamb\u00e9m grafado como sab\u00e1 ou sabat, \u00e9 o nome dado ao dia de descanso semanal no juda\u00edsmo. Apesar de comumente ser dito como o s\u00e1bado de cada semana, \u00e9 observado a partir do p\u00f4r-do-sol da sexta-feira at\u00e9 o p\u00f4r-do-sol do s\u00e1bado.<br \/>\n\n\n\n\n<h2 class=\"wp-block-heading\">Pode mexer no celular no Shabat?<\/h2>\n\n\n<p><\/p>Shabat \u00e9 o dia de descanso e rezas dos judeus ortodoxos. Do p\u00f4r-do-sol de sexta-feira at\u00e9 o p\u00f4r-do-sol de s\u00e1bado, os fi\u00e9is n\u00e3o podem andar de carro, acender luzes e trabalhar, entre outras limita\u00e7\u00f5es. O uso de telefone e computador tamb\u00e9m \u00e9 vetado, assim como cortar o cabelo ou roer a unha.<br \/>\n\n\n\n\n<h2 class=\"wp-block-heading\">A que horas os judeus dormem durante o Shabat?<\/h2>\n\n\n<p><\/p>O Shabat Dura do Por do Sol de Sexta-Feira at\u00e9 o Anoitecer de S\u00e1bado. Toda semana, durante as 25 horas que come\u00e7am pouco antes do p\u00f4r-do-sol na sexta-feira at\u00e9 a noite cair no s\u00e1bado \u00e0 noite, o povo judeu celebra o Shabat, um per\u00edodo de descanso e renova\u00e7\u00e3o espiritual.<br \/>\n\n\n\n\n<h2 class=\"wp-block-heading\">O que \u00e9 o movimento Chabad?<\/h2>\n\n\n\n<h2 class=\"wp-block-heading\">Quem criou o Chabad?<\/h2>\n\n\n<p><\/p>Fundado em 1775 pelo rabino Shneur Zalman de Liadi (1745\u20131812) na cidade de Liozno , no Imp\u00e9rio Russo , o nome &#8220;Chabad&#8221; ( \u05d7\u05d1\u05f4\u05d3 ) \u00e9 um acr\u00f4nimo formado a partir de tr\u00eas palavras hebraicas \u2014 Chokmah , Binah , Da&#8217;at \u2014 para as tr\u00eas primeiras sefirot da \u00c1rvore da Vida cabal\u00edstica ap\u00f3s Keter : \u05d7\u05db\u05de\u05d4, \u05d1\u05d9\u05e0\u05d4, \u05d3\u05e2\u05ea , &#8220;Sabedoria, &#8230;<br \/>\n\n\n\n\n<h2 class=\"wp-block-heading\">Quais s\u00e3o os 3 tipos de judeus?<\/h2>\n\n\n<p><\/p>S\u00e3o elas: a ortodoxa, a reformista e a conservadora. As duas primeiras, ortodoxos e reformistas, s\u00e3o as que mais se op\u00f5em uma \u00e0 outra, sendo a terceira, conservadora, a tentativa de encontrar um meio-termo entre as outras duas.<br \/>\n\n\n\n\n<h2 class=\"wp-block-heading\">O que se comemora em Chabad?<\/h2>\n\n\n<p><\/p>Comemora a prote\u00e7\u00e3o Divina ao povo judeu durante 40 anos no deserto. Tamb\u00e9m chamada Festa da Colheita e Festa das Cabanas, uma b\u00ean\u00e7\u00e3o especial \u00e9 recitada em Sucot sobre as Quatro Esp\u00e9cies.<br \/>\n\n\n\n\n<h2 class=\"wp-block-heading\">O que \u00e9 coban na B\u00edblia?<\/h2>\n\nLiteralmente, descreve aquilo que \u00e9 levado para junto do altar (do verbo qarab). Como oferta ao Rei dos Reis, Elomar comp\u00f4s essa can\u00e7\u00e3o \u201cCorban\u201d.<br \/>\n\n\n\n\n<h2 class=\"wp-block-heading\">O que significa coban na B\u00edblia?<\/h2>\n\n\n<p><\/p>Literalmente, descreve aquilo que \u00e9 levado para junto do altar (do verbo qarab). Como oferta ao Rei dos Reis, Elomar comp\u00f4s essa can\u00e7\u00e3o \u201cCorban\u201d.<br \/>\n\n\n\n\n<h2 class=\"wp-block-heading\">O que significa a palavra corban?<\/h2>\n\n\n<p><\/p>Correspondente banc\u00e1rio ou simplesmente Corban, \u00e9 uma pessoa ou um estabelecimento que tem como principal papel fazer uma intermedia\u00e7\u00e3o entre clientes e bancos, para evitar que os mesmos precisem ficar em filas para serem atendidos.<br \/>\n\n\n\n\n<h2 class=\"wp-block-heading\">O que \u00e9 o corban dos judeus?<\/h2>\n\n\n<p><\/p>No juda\u00edsmo , o korban ( \u05e7\u05b8\u05e8\u05b0\u05d1\u05b8\u05bc\u05df \u200e , qorb\u0101n ), tamb\u00e9m escrito qorban ou corban , \u00e9 qualquer uma das v\u00e1rias ofertas de sacrif\u00edcio descritas e ordenadas na Tor\u00e1 .<br \/>\n\n\n\n\n<h2 class=\"wp-block-heading\">Qual era a pr\u00e1tica de CORBA que Jesus condenou?<\/h2>\n\n\n<p><\/p>Assim, permitiam que as pessoas dedicassem dinheiro ao templo que deveria ter sido usado para cumprir o mandamento de manter os pais fora da pobreza. O interesse pr\u00f3prio dos l\u00edderes religiosos prevaleceu sobre a observ\u00e2ncia dos mandamentos, e foi essa atitude que Jesus condenou.<br \/>\n\n\n","protected":false},"excerpt":{"rendered":"<p>O que \u00e9 chaba na B\u00edblia? O Chassidismo Chabad \u00e9 um sistema de filosofia religiosa que ensina a compreens\u00e3o e o reconhecimento do Criador por meio da aplica\u00e7\u00e3o das tr\u00eas qualidades intelectuais: Chochm\u00e1 (sabedoria), Bin\u00e1 (compreens\u00e3o) e Daat (conhecimento). As iniciais dessas tr\u00eas palavras hebraicas formam a palavra &#8221; Chabad &#8220;. Qual o significado de [&hellip;]<\/p>\n","protected":false},"author":2,"featured_media":0,"comment_status":"open","ping_status":"closed","sticky":false,"template":"","format":"standard","meta":{"footnotes":""},"categories":[1],"tags":[],"class_list":["post-16705","post","type-post","status-publish","format-standard","hentry","category-conteudo"],"_links":{"self":[{"href":"https:\/\/ammabarbacena.com.br\/perguntas-frequentes\/wp-json\/wp\/v2\/posts\/16705","targetHints":{"allow":["GET"]}}],"collection":[{"href":"https:\/\/ammabarbacena.com.br\/perguntas-frequentes\/wp-json\/wp\/v2\/posts"}],"about":[{"href":"https:\/\/ammabarbacena.com.br\/perguntas-frequentes\/wp-json\/wp\/v2\/types\/post"}],"author":[{"embeddable":true,"href":"https:\/\/ammabarbacena.com.br\/perguntas-frequentes\/wp-json\/wp\/v2\/users\/2"}],"replies":[{"embeddable":true,"href":"https:\/\/ammabarbacena.com.br\/perguntas-frequentes\/wp-json\/wp\/v2\/comments?post=16705"}],"version-history":[{"count":1,"href":"https:\/\/ammabarbacena.com.br\/perguntas-frequentes\/wp-json\/wp\/v2\/posts\/16705\/revisions"}],"predecessor-version":[{"id":16706,"href":"https:\/\/ammabarbacena.com.br\/perguntas-frequentes\/wp-json\/wp\/v2\/posts\/16705\/revisions\/16706"}],"wp:attachment":[{"href":"https:\/\/ammabarbacena.com.br\/perguntas-frequentes\/wp-json\/wp\/v2\/media?parent=16705"}],"wp:term":[{"taxonomy":"category","embeddable":true,"href":"https:\/\/ammabarbacena.com.br\/perguntas-frequentes\/wp-json\/wp\/v2\/categories?post=16705"},{"taxonomy":"post_tag","embeddable":true,"href":"https:\/\/ammabarbacena.com.br\/perguntas-frequentes\/wp-json\/wp\/v2\/tags?post=16705"}],"curies":[{"name":"wp","href":"https:\/\/api.w.org\/{rel}","templated":true}]}}