{"id":16685,"date":"2025-08-01T05:54:30","date_gmt":"2025-08-01T05:54:30","guid":{"rendered":"http:\/\/22589180-31fb-4047-adbb-8c49e7fd43d2"},"modified":"2025-08-01T05:54:30","modified_gmt":"2025-08-01T05:54:30","slug":"o-que-e-o-nous-na-biblia","status":"publish","type":"post","link":"https:\/\/ammabarbacena.com.br\/perguntas-frequentes\/o-que-e-o-nous-na-biblia\/","title":{"rendered":"O que \u00e9 o nous na b\u00edblia"},"content":{"rendered":"\n\n<h2 class=\"wp-block-heading\">O que significa &#8220;nous&#8221;?<\/h2>\n\nA palavra esp\u00edrito \u00e9 a tradu\u00e7\u00e3o da palavra grega Nous, do verbo noein.<br \/>\n\n\n\n\n<h2 class=\"wp-block-heading\">O que \u00e9 nous em grego?<\/h2>\n\n\n<p><\/p>A palavra esp\u00edrito \u00e9 a tradu\u00e7\u00e3o da palavra grega Nous, do verbo noein.<br \/>\n\n\n\n\n<h2 class=\"wp-block-heading\">O que \u00e9 &#8220;nous&#8221; em ingl\u00eas?<\/h2>\n\n\n<p><\/p>\n\n<ul class=\"wp-block-list\">\n<li>NOUS = LIGADO<\/li>\n<li> Na realidade, em 90% dos casos, ambos significam \u00ab n\u00f3s \u00bb em ingl\u00eas.<\/li>\n<\/ul>\n\n\n\n\n<h2 class=\"wp-block-heading\">O que \u00e9 n\u00f3mos em filosofia?<\/h2>\n\n\n<p><\/p>Na filosofia, nomos se refere \u00e0s normas, leis e conven\u00e7\u00f5es estabelecidas pela sociedade para regular as rela\u00e7\u00f5es entre os indiv\u00edduos e a organiza\u00e7\u00e3o da vida em sociedade.<br \/>\n\n\n\n\n<h2 class=\"wp-block-heading\">O que \u00e9 nous para Anaxagoras?<\/h2>\n\n\n<p><\/p>(CONCLUS\u00c3O) O Nous na filosofia de Anax\u00e1goras define-se como a mais sutil e a mais pura de todas as coisas, possuindo pleno conhecimento de tudo e detendo poder sobre todas as coisas.<br \/>\n\n\n\n\n<h2 class=\"wp-block-heading\">O que \u00e9 o nous para Anax\u00e1goras?<\/h2>\n\n(CONCLUS\u00c3O) O Nous na filosofia de Anax\u00e1goras define-se como a mais sutil e a mais pura de todas as coisas, possuindo pleno conhecimento de tudo e detendo poder sobre todas as coisas.<br \/>\n\n\n\n\n<h2 class=\"wp-block-heading\">O que \u00e9 o Nous de Anax\u00e1goras?<\/h2>\n\n\n<p><\/p>O Nous \u00e9 a Intelig\u00eancia C\u00f3smica, o princ\u00edpio que rege o universo, sendo o \u00fanico respons\u00e1vel pela composi\u00e7\u00e3o e divis\u00e3o das homeomerias, n\u00e3o podendo se denominar Deus, uma vez que n\u00e3o cont\u00e9m todas as atribui\u00e7\u00f5es divinas.<br \/>\n\n\n\n\n<h2 class=\"wp-block-heading\">O que \u00e9 Nous?<\/h2>\n\n\n<p><\/p>O nous \u00e9 o pensamento que permite ver o n\u00e3o visto. E este pode ser dito enquanto sentido e mundo porque somos constitu\u00eddos pelo logos, a linguagem. \u00c9 o nous e o logos, na vig\u00eancia da poiesis da realidade, que constituem o seu sentido e mundo, manifestados nos paradigmas.<br \/>\n\n\n\n\n<h2 class=\"wp-block-heading\">Qual \u00e9 a teoria de Anax\u00e1goras?<\/h2>\n\n\n<p><\/p>Anax\u00e1goras afirmou que o Universo \u00e9 composto por sementes que se agregam ou se desagregam por meio de uma intelig\u00eancia que governa tudo. Anax\u00e1goras de Claz\u00f4menas foi um dos fil\u00f3sofos pr\u00e9-socr\u00e1ticos pluralistas.<br \/>\n\n\n\n\n<h2 class=\"wp-block-heading\">O que significa intelig\u00eancia no grego?<\/h2>\n\n\n<p><\/p>2) Do Grego TAKTIKE TEKHNE, \u201c a arte de resolver, de colocar coisas em ordem\u201d, relacionado a TASSEIN, \u201carranjar, colocar em ordem\u201d. 3) Do L. INTELLIGENTIA, de INTELLIGERE, \u201cdiscernir, compreender, entender\u201d, formado por INTER-, \u201centre\u201d, mais LEGERE, \u201cescolher, separar\u201d.<br \/>\n\n\n\n\n<h2 class=\"wp-block-heading\">O que significa &#8220;o n\u00f4us&#8221;?<\/h2>\n\nc) o n\u00f4us refere-se ao esp\u00edrito e corresponde aos v\u00edcios da inveja e da vaidade (soberba). Demon\u00edacos v\u00edcios que lideram \u2013 m\u00e1ximo-capitais \u2013 porque encabe\u00e7am e desencadeiam muitos outros formando um verdadeiro ex\u00e9rcito atr\u00e1s de si (geram cerca de cinq\u00fcenta filhas).<br \/>\n\n\n\n\n<h2 class=\"wp-block-heading\">Qual o pecado do Asmodeus?<\/h2>\n\n\n<p><\/p>O dem\u00f4nio da Lux\u00faria (Asmodeus) ama a pornografia e nos for\u00e7a a desejar outros corpos : \u201cEle ataca cruelmente (&#8230;) enlameia a alma e a seduz a a\u00e7\u00f5es vergonhosas (&#8230;). O dem\u00f4nio da lux\u00faria trabalha, sobretudo atrav\u00e9s da fantasia, que ele enche de imagens e de pensamentos impuros, desta maneira obscurecendo a raz\u00e3o\u201d.<br \/>\n\n\n\n\n<h2 class=\"wp-block-heading\">O que \u00e9 o intelecto?<\/h2>\n\nO intelecto \u00e9 uma faculdade da mente humana que permite o racioc\u00ednio , a abstra\u00e7\u00e3o , a conceitua\u00e7\u00e3o e o julgamento . Ele permite o discernimento da verdade e da falsidade , bem como o pensamento de ordem superior al\u00e9m da percep\u00e7\u00e3o imediata.<br \/>\n\n\n\n\n\n\n\n<h2 class=\"wp-block-heading\">O que \u00e9 o intelecto do ser humano?<\/h2>\n\n\n<p><\/p>Intelecto significa entendimento, racioc\u00ednio, reflex\u00e3o. Intelecto vem do latim e significa ler por dentro, \u00e9 uma pot\u00eancia cognitiva da alma humana, atrav\u00e9s da qual ela conhece algo de si, algo que lhe rodeia e algo que a transcende. O intelecto \u00e9 uma faculdade um ato, que \u00e9 exercitado atrav\u00e9s da intelig\u00eancia.<br \/>\n\n\n\n\n<h2 class=\"wp-block-heading\">O que significa ter intelecto?<\/h2>\n\n\n<p><\/p>capacidade de pensar e adquirir conhecimento, especialmente de ordem elevada ou complexa; capacidade mental. uma mente ou intelig\u00eancia particular, especialmente de ordem elevada. uma pessoa que possui grande capacidade de pensamento e conhecimento.<br \/>\n\n\n\n\n<h2 class=\"wp-block-heading\">O que \u00e9 um intelecto de uma pessoa?<\/h2>\n\n\n<p><\/p>O intelecto humano refere-se \u00e0 capacidade da mente humana de generalizar experi\u00eancias, trabalhar com termos abstratos e tirar conclus\u00f5es a partir de suposi\u00e7\u00f5es. \u00c9 um fator essencial na gest\u00e3o do conhecimento e crucial para lidar com incertezas e imprecis\u00f5es em dados.<br \/>\n\n\n\n\n<h2 class=\"wp-block-heading\">O que significa desenvolver o intelecto?<\/h2>\n\n\n<p><\/p>O desenvolvimento intelectual \u00e9 um processo cont\u00ednuo de aquisi\u00e7\u00e3o de conhecimento, habilidades e compet\u00eancias cognitivas ao longo da vida. Envolve a capacidade de pensar criticamente, resolver problemas, tomar decis\u00f5es informadas e aprender de forma aut\u00f4noma.<br \/>\n\n\n\n\n<h2 class=\"wp-block-heading\">Qual \u00e9 a fun\u00e7\u00e3o do intelecto?<\/h2>\n\n\n<p><\/p>O intelecto \u00e9 uma faculdade da mente humana que permite o racioc\u00ednio , a abstra\u00e7\u00e3o , a conceitua\u00e7\u00e3o e o julgamento . Ele permite o discernimento da verdade e da falsidade , bem como o pensamento de ordem superior al\u00e9m da percep\u00e7\u00e3o imediata.<br \/>\n\n\n\n\n<h2 class=\"wp-block-heading\">O que define a intelig\u00eancia de uma pessoa?<\/h2>\n\n\n<p><\/p>No dicion\u00e1rio de Psicologia (Associa\u00e7\u00e3o Psicol\u00f3gica Americana, 2010, p. 521), pode-se encontrar a defini\u00e7\u00e3o de intelig\u00eancia como sendo a \u201c capacidade de extrair informa\u00e7\u00f5es, aprender com a experi\u00eancia, adaptar-se ao ambiente, compreender e utilizar corretamente o pensamento e a raz\u00e3o \u201d.<br \/>\n\n\n\n\n<h2 class=\"wp-block-heading\">Como Arist\u00f3teles via o nous?<\/h2>\n\nArist\u00f3teles. Assim como Plat\u00e3o, Arist\u00f3teles via o nous ou intelecto de um indiv\u00edduo como algo semelhante \u00e0 percep\u00e7\u00e3o sensorial, mas tamb\u00e9m distinto. A percep\u00e7\u00e3o sensorial em a\u00e7\u00e3o fornece imagens ao nous , por meio do &#8221; sensus communis &#8221; e da imagina\u00e7\u00e3o, sem as quais o pensamento n\u00e3o poderia ocorrer.<br \/>\n\n\n\n\n<h2 class=\"wp-block-heading\">Como Arist\u00f3teles via o ser humano?<\/h2>\n\n\n<p><\/p>O homem \u00e9 uma unidade substancial de alma e de corpo, em que a primeira cumpre as fun\u00e7\u00f5es de forma em rela\u00e7\u00e3o \u00e0 mat\u00e9ria, que \u00e9 constitu\u00edda pelo segundo. O que caracteriza a alma humana \u00e9 a racionalidade, a intelig\u00eancia, o pensamento, pelo que ela \u00e9 esp\u00edrito.<br \/>\n\n\n\n\n<h2 class=\"wp-block-heading\">Como Arist\u00f3teles via o mundo?<\/h2>\n\n\n<p><\/p>Para ele, o mundo real, a natureza, n\u00e3o tem nada de ilus\u00f3rio. Arist\u00f3teles acreditava que a verdade est\u00e1 neste mundo e n\u00e3o em um universo paralelo, como acreditava Plat\u00e3o. Arist\u00f3teles dizia que eram os homens que formulavam os conceitos a respeito das coisas para poder reconhec\u00ea-las.<br \/>\n\n\n\n\n<h2 class=\"wp-block-heading\">O que Arist\u00f3teles afirma sobre o ser humano?<\/h2>\n\n\n<p><\/p>Segundo o fil\u00f3sofo grego Arist\u00f3teles, \u201c h\u00e1 na natureza humana uma tend\u00eancia de viver em sociedade, e desta forma o homem realiza o pr\u00f3prio bem, ou seja, viver em sociedade \u00e9 a finalidade do ser humano \u201d.<br \/>\n\n\n\n\n<h2 class=\"wp-block-heading\">Como Arist\u00f3teles via o amor?<\/h2>\n\n\n<p><\/p>\n\n<ul class=\"wp-block-list\">\n<li>Amor em Arist\u00f3teles<\/li>\n<li> Para ele, o amor \u00e9 uma emo\u00e7\u00e3o complexa, que envolve a descoberta e o apre\u00e7o da beleza, da virtude e da perfei\u00e7\u00e3o, sim, mas no contato com outra pessoa. Isso mostra como sua abordagem \u00e9 mais voltada para um amor que est\u00e1 nas rela\u00e7\u00f5es e n\u00e3o nas idealiza\u00e7\u00f5es.<\/li>\n<\/ul>\n\n\n\n\n<h2 class=\"wp-block-heading\">Qual \u00e9 para Arist\u00f3teles a finalidade humana?<\/h2>\n\n\n<p><\/p>Arist\u00f3teles entende que a lei det\u00e9m um papel essencial e determinante na vida de uma pessoa. Em sua obra \u00c9tica a Nic\u00f4maco, ele prop\u00f5e que a finalidade da vida humana \u00e9 a felicidade, ou seja, \u00e9 pr\u00f3prio da natureza humana buscar a vida boa e feliz.<br \/>\n\n\n\n\n<h2 class=\"wp-block-heading\">Quando usar &#8220;nous nous&#8221;?<\/h2>\n\nO primeiro &#8220;nous&#8221; \u00e9 o pronome sujeito (significando &#8220;n\u00f3s&#8221;), e o segundo &#8220;nous&#8221; \u00e9 o pronome reflexivo (significando &#8220;a n\u00f3s mesmos&#8221;), por exemplo: &#8220;Nous nous lavons.&#8221; &#8211; &#8220;N\u00f3s lavamos a n\u00f3s mesmos.&#8221; &#8211; o verbo \u00e9 &#8220;se laver&#8221; (&#8220;lavar-se&#8221;).<br \/>\n\n\n\n\n<h2 class=\"wp-block-heading\">O que \u00e9 &#8220;nous&#8221; em franc\u00eas?<\/h2>\n\n\n<p><\/p>\n\n<ul class=\"wp-block-list\">\n<li>NOUS = LIGADO<\/li>\n<li> Ao falar, os franceses tendem a usar cada vez menos a forma \u00ab nous \u00bb, pois \u00e9 sempre mais demorada de pronunciar.<\/li>\n<\/ul>\n\n\n\n\n<h2 class=\"wp-block-heading\">Quando usar on ou nous?<\/h2>\n\n\n<p><\/p>&#8221; Nous &#8221; \u00e9 formal, ent\u00e3o voc\u00ea o ouvir\u00e1 em an\u00fancios, ver\u00e1 em placas, em discursos de pol\u00edticos etc. Mas na vida cotidiana, &#8220;on&#8221; \u00e9 sempre usado em vez disso como o pronome sujeito que significa &#8220;n\u00f3s&#8221;.<br \/>\n\n\n\n\n<h2 class=\"wp-block-heading\">Qual a diferen\u00e7a entre &#8220;on&#8221; e &#8220;nous&#8221; em franc\u00eas?<\/h2>\n\n\n<p><\/p>\u201c Nous \u201d \u00e9 a forma formal de dizer \u201cn\u00f3s\u201d, ent\u00e3o voc\u00ea provavelmente nunca vai ouvir isso em uma conversa real. Voc\u00ea vai ouvir em discursos formais ou ver por escrito. \u201cOn\u201d \u00e9 a forma informal de dizer \u201cn\u00f3s\u201d, ent\u00e3o voc\u00ea vai ouvir o tempo todo em franc\u00eas falado.<br \/>\n\n\n\n\n<h2 class=\"wp-block-heading\">Como \u00e9 &#8220;n\u00e3o sei&#8221; em franc\u00eas?<\/h2>\n\n\n<p><\/p>A tradu\u00e7\u00e3o direta em franc\u00eas de &#8220;Eu n\u00e3o sei&#8221; \u00e9: Je ne sais pas .<br \/>\n\n\n","protected":false},"excerpt":{"rendered":"<p>O que significa &#8220;nous&#8221;? A palavra esp\u00edrito \u00e9 a tradu\u00e7\u00e3o da palavra grega Nous, do verbo noein. O que \u00e9 nous em grego? A palavra esp\u00edrito \u00e9 a tradu\u00e7\u00e3o da palavra grega Nous, do verbo noein. O que \u00e9 &#8220;nous&#8221; em ingl\u00eas? O que \u00e9 n\u00f3mos em filosofia? Na filosofia, nomos se refere \u00e0s normas, [&hellip;]<\/p>\n","protected":false},"author":2,"featured_media":0,"comment_status":"open","ping_status":"closed","sticky":false,"template":"","format":"standard","meta":{"footnotes":""},"categories":[1],"tags":[],"class_list":["post-16685","post","type-post","status-publish","format-standard","hentry","category-conteudo"],"_links":{"self":[{"href":"https:\/\/ammabarbacena.com.br\/perguntas-frequentes\/wp-json\/wp\/v2\/posts\/16685","targetHints":{"allow":["GET"]}}],"collection":[{"href":"https:\/\/ammabarbacena.com.br\/perguntas-frequentes\/wp-json\/wp\/v2\/posts"}],"about":[{"href":"https:\/\/ammabarbacena.com.br\/perguntas-frequentes\/wp-json\/wp\/v2\/types\/post"}],"author":[{"embeddable":true,"href":"https:\/\/ammabarbacena.com.br\/perguntas-frequentes\/wp-json\/wp\/v2\/users\/2"}],"replies":[{"embeddable":true,"href":"https:\/\/ammabarbacena.com.br\/perguntas-frequentes\/wp-json\/wp\/v2\/comments?post=16685"}],"version-history":[{"count":1,"href":"https:\/\/ammabarbacena.com.br\/perguntas-frequentes\/wp-json\/wp\/v2\/posts\/16685\/revisions"}],"predecessor-version":[{"id":16686,"href":"https:\/\/ammabarbacena.com.br\/perguntas-frequentes\/wp-json\/wp\/v2\/posts\/16685\/revisions\/16686"}],"wp:attachment":[{"href":"https:\/\/ammabarbacena.com.br\/perguntas-frequentes\/wp-json\/wp\/v2\/media?parent=16685"}],"wp:term":[{"taxonomy":"category","embeddable":true,"href":"https:\/\/ammabarbacena.com.br\/perguntas-frequentes\/wp-json\/wp\/v2\/categories?post=16685"},{"taxonomy":"post_tag","embeddable":true,"href":"https:\/\/ammabarbacena.com.br\/perguntas-frequentes\/wp-json\/wp\/v2\/tags?post=16685"}],"curies":[{"name":"wp","href":"https:\/\/api.w.org\/{rel}","templated":true}]}}