{"id":16675,"date":"2025-08-01T05:49:18","date_gmt":"2025-08-01T05:49:18","guid":{"rendered":"http:\/\/e69ea2e6-bba5-4c88-acac-cc0dcbb04900"},"modified":"2025-08-01T05:49:18","modified_gmt":"2025-08-01T05:49:18","slug":"o-que-e-o-mundo-citado-na-biblia","status":"publish","type":"post","link":"https:\/\/ammabarbacena.com.br\/perguntas-frequentes\/o-que-e-o-mundo-citado-na-biblia\/","title":{"rendered":"O que \u00e9 o mundo citado na b\u00edblia"},"content":{"rendered":"\n\n<h2 class=\"wp-block-heading\">O que \u00e9 o mundo na B\u00edblia?<\/h2>\n\n\n\n<h2 class=\"wp-block-heading\">O que \u00e9 o mundo para os crist\u00e3os?<\/h2>\n\n\n<p><\/p>No Cristianismo, o conceito \u00e9 o da queda e corrup\u00e7\u00e3o da sociedade humana. O mundo \u00e9 freq\u00fcentemente citado junto com a carne e o Diabo como fontes de tenta\u00e7\u00e3o das quais os crist\u00e3os deveriam fugir.<br \/>\n\n\n\n\n<h2 class=\"wp-block-heading\">Quais s\u00e3o os tr\u00eas tipos de mundo?<\/h2>\n\n\n<p><\/p>O primeiro mundo era formado pelos pa\u00edses desenvolvidos capitalistas, enquanto a Uni\u00e3o Sovi\u00e9tica e as na\u00e7\u00f5es que, em algum momento, se alinharam aos ideais socialistas compunham o segundo mundo. O terceiro mundo compreendia as na\u00e7\u00f5es n\u00e3o alinhadas e que hoje correspondem aos pa\u00edses emergentes e subdesenvolvidos.<br \/>\n\n\n\n\n<h2 class=\"wp-block-heading\">Como Deus v\u00ea o mundo?<\/h2>\n\n\n<p><\/p>Deus olha o mundo com contempla\u00e7\u00e3o, contemplando suas obras. A contempla\u00e7\u00e3o \u00e9 um olhar amoroso que leva ao conhecimento e o conhecimento leva ao amor. Ao contemplar o mundo, Deus o conhece, penetra com sabedoria em todas as coisas que cria.<br \/>\n\n\n\n\n<h2 class=\"wp-block-heading\">O que Jesus falou do mundo?<\/h2>\n\n\n<p><\/p>Encontramos a chave para entender essa aparente contradi\u00e7\u00e3o no contexto da \u00daltima Ceia. Falando aos ap\u00f3stolos em Seus momentos finais antes do Gets\u00eamani, Jesus disse: \u201c No mundo tereis afli\u00e7\u00e3o, mas tende bom \u00e2nimo, eu venci o mundo\u201d [Jo\u00e3o 16:33].<br \/>\n\n\n\n\n<h2 class=\"wp-block-heading\">O que a B\u00edblia fala sobre o mundo?<\/h2>\n\nN\u00e3o amem o mundo nem o que nele h\u00e1. Se algu\u00e9m ama o mundo, o amor do Pai n\u00e3o est\u00e1 nele. N\u00e3o se amoldem ao padr\u00e3o deste mundo, mas transformem-se pela renova\u00e7\u00e3o da sua mente, para que sejam capazes de experimentar e comprovar a boa, agrad\u00e1vel e perfeita vontade de Deus.<br \/>\n\n\n\n\n<h2 class=\"wp-block-heading\">O que a B\u00edblia fala sobre as coisas mundanas?<\/h2>\n\n\n<p><\/p>1 Jo\u00e3o 2:16 NBV-P. porque todas estas coisas mundanas \u2014 os maus desejos da natureza humana, os maus desejos dos olhos, a ambi\u00e7\u00e3o pelas coisas desta vida \u2014 n\u00e3o prov\u00eam de Deus, e sim do pr\u00f3prio mundo pecaminoso.<br \/>\n\n\n\n\n<h2 class=\"wp-block-heading\">Onde est\u00e1 escrito na B\u00edblia que n\u00e3o devemos imitar o mundo?<\/h2>\n\n\n<p><\/p>Romanos 12:2 NVT. N\u00e3o imitem o comportamento e os costumes deste mundo, mas deixem que Deus os transforme por meio de uma mudan\u00e7a em seu modo de pensar, a fim de que experimentem a boa, agrad\u00e1vel e perfeita vontade de Deus para voc\u00eas.<br \/>\n\n\n\n\n<h2 class=\"wp-block-heading\">O que diz na B\u00edblia sobre o mundo?<\/h2>\n\n\n<p><\/p>1Jo\u00e3o 2:15-17 Nova Vers\u00e3o Internacional &#8211; Portugu\u00eas (NVI) N\u00e3o amem o mundo nem o que nele h\u00e1. Se algu\u00e9m ama o mundo, o amor do Pai n\u00e3o est\u00e1 nele. Pois tudo o que h\u00e1 no mundo \u2014 o desejo da carne, o desejo dos olhos e a arrog\u00e2ncia da vida \u2014 n\u00e3o prov\u00e9m do Pai, mas do mundo.<br \/>\n\n\n\n\n<h2 class=\"wp-block-heading\">Onde a B\u00edblia fala sobre os mundos?<\/h2>\n\nHebreus 11:3 &#8211; &#8220;Pela f\u00e9 entendemos que &#8220;os mundos foram criados&#8221; pela palavra de Deus; de modo que o vis\u00edvel n\u00e3o foi feito daquilo que se v\u00ea.&#8221;<br \/>\n\n\n\n\n<h2 class=\"wp-block-heading\">Onde a B\u00edblia fala que existem outros mundos?<\/h2>\n\n\n<p><\/p>\n\n<ul class=\"wp-block-list\">\n<li>Hebreus 11:3 ARC<\/li>\n<li> Pela f\u00e9, entendemos que os mundos, pela palavra de Deus, foram criados; de maneira que aquilo que se v\u00ea n\u00e3o foi feito do que \u00e9 aparente.<\/li>\n<\/ul>\n\n\n\n\n<h2 class=\"wp-block-heading\">Onde na B\u00edblia fala sobre os planetas?<\/h2>\n\n\n<p><\/p>A B\u00edblia n\u00e3o diz nada sobre vida em outros planetas, porque est\u00e1 totalmente focada em nosso planeta, e foi escrita a partir de uma perspectiva social e cient\u00edfica completamente diferente.<br \/>\n\n\n\n\n<h2 class=\"wp-block-heading\">O que fala o apocalipse 12?<\/h2>\n\n\n<p><\/p>12 Pelo que alegrai-vos, \u00f3 c\u00e9us, e os que neles habitais. Ai dos que habitam na terra e no mar! porque o diabo desceu a v\u00f3s, e tem grande ira, j\u00e1 sabendo ele que tem pouco tempo. 13 E quando o drag\u00e3o viu que fora lan\u00e7ado na terra, perseguiu a mulher que dera \u00e0 luz o filho homem.<br \/>\n\n\n\n\n<h2 class=\"wp-block-heading\">Qual \u00e9 o significado de &#8220;mundo&#8221; em hebraico?<\/h2>\n\n\n\n<h2 class=\"wp-block-heading\">Quem fala hebraico no mundo?<\/h2>\n\n\n<p><\/p>Distribui\u00e7\u00e3o geogr\u00e1fica. O hebraico \u00e9 falado principalmente em Israel pelos seus cerca de 6 milh\u00f5es de judeus tal como pelos dois milh\u00f5es de \u00e1rabes que l\u00e1 vivem.<br \/>\n\n\n\n\n<h2 class=\"wp-block-heading\">O que Jesus falou sobre o mundo?<\/h2>\n\nFalando aos ap\u00f3stolos em Seus momentos finais antes do Gets\u00eamani, Jesus disse: \u201c No mundo tereis afli\u00e7\u00e3o, mas tende bom \u00e2nimo, eu venci o mundo\u201d [Jo\u00e3o 16:33]. \u201cComo foi poss\u00edvel que os Doze tivessem bom \u00e2nimo?\u201d O \u00c9lder Neal A.<br \/>\n\n\n\n\n<h2 class=\"wp-block-heading\">O que Jesus fala sobre o mundo?<\/h2>\n\n\n<p><\/p>N\u00e3o ameis o mundo, nem o que no mundo h\u00e1. Se algu\u00e9m ama o mundo, o amor do Pai n\u00e3o est\u00e1 nele. Porque tudo o que h\u00e1 no mundo, a concupisc\u00eancia da carne, a concupisc\u00eancia dos olhos e a soberba da vida, n\u00e3o \u00e9 do Pai, mas do mundo.<br \/>\n\n\n\n\n<h2 class=\"wp-block-heading\">Qual a mensagem de Jesus para o mundo?<\/h2>\n\n\n<p><\/p>Jesus tinha consci\u00eancia que o fato de ser enviado do Pai, \u00e9 tamb\u00e9m fazer as coisas do Pai, dizer as coisas em nome dele. O seu mandamento \u00e9 a vida eterna, da vida que n\u00e3o passa, na qual Deus Uno e Trino nos quer dar, pelo bem, a paz, o amor que n\u00f3s somos chamados a viver neste mundo para com o pr\u00f3ximo e para com todos.<br \/>\n\n\n\n\n<h2 class=\"wp-block-heading\">O que Jesus fala sobre o fim do mundo?<\/h2>\n\n\n<p><\/p>6 E ouvireis de guerras e de rumores de guerras; vede que n\u00e3o vos assusteis, porque \u00e9 necess\u00e1rio que isso tudo aconte\u00e7a, mas ainda n\u00e3o \u00e9 o fim. 7 Porque se levantar\u00e1 na\u00e7\u00e3o contra na\u00e7\u00e3o, e reino contra reino, e haver\u00e1 fomes, e pestes, e terremotos, em v\u00e1rios lugares. 8 Mas todas essas coisas s\u00e3o o princ\u00edpio das dores.<br \/>\n\n\n\n\n<h2 class=\"wp-block-heading\">O que diz em Jo\u00e3o 15:18?<\/h2>\n\n\n<p><\/p>Naquele tempo, disse Jesus aos seus disc\u00edpulos: 18 \u201cSe o mundo vos odeia, sabei que primeiro me odiou a mim. 19Se f\u00f4sseis do mundo, o mundo gostaria daquilo que lhe pertence. Mas, porque n\u00e3o sois do mundo, porque eu vos escolhi e apartei do mundo, o mundo por isso vos odeia.<br \/>\n\n\n\n\n<h2 class=\"wp-block-heading\">O que se entende por mundo?<\/h2>\n\nEm seu sentido mais geral, o termo &#8220;mundo&#8221; se refere \u00e0 totalidade das entidades, ao conjunto da realidade ou a tudo o que existe. A natureza do mundo foi conceitualizada de diferentes maneiras em distintos campos. Algumas concep\u00e7\u00f5es veem o mundo como \u00fanico, enquanto outras falam de uma &#8220;pluralidade de mundos&#8221;.<br \/>\n\n\n\n\n<h2 class=\"wp-block-heading\">O que \u00e9 o mundo?<\/h2>\n\n\n<p><\/p>O mundo pode ser considerado o meio onde habita o homem, o planeta onde o ser humano existe, mas tamb\u00e9m, de uma forma mais abstrata, pode designar algo que s\u00f3 existe como tomada de consci\u00eancia e n\u00e3o \u00e9 concreto. Em termos fenomenol\u00f3gicos, o mundo \u00e9 o horizonte de sentido para a consci\u00eancia, estando o Homem dentro dele.<br \/>\n\n\n\n\n<h2 class=\"wp-block-heading\">O que significa entender o mundo?<\/h2>\n\n\n<p><\/p>Na pr\u00e1tica, interpretar o mundo como representa\u00e7\u00e3o \u00e9 buscar entendimentos ou interpreta\u00e7\u00f5es sobre as nossas pr\u00f3prias vidas. Nesta l\u00f3gica, usamos a raz\u00e3o para entender os v\u00e1rios fen\u00f4menos sociais que s\u00e3o criados pelo homem e compreender toda a din\u00e2mica (mudan\u00e7as) social.<br \/>\n\n\n\n\n<h2 class=\"wp-block-heading\">Qual \u00e9 o significado da palavra &#8220;mundo&#8221;?<\/h2>\n\n\n<p><\/p>1 A totalidade do espa\u00e7o com a mat\u00e9ria que o cont\u00e9m; o Universo inteiro como um sistema ordenado; a totalidade das coisas criadas. 2 O conjunto de espa\u00e7o, corpos e seres que a vista humana pode abranger. 3 Conjunto dos astros a que o Sol serve de centro.<br \/>\n\n\n\n\n<h2 class=\"wp-block-heading\">O que voc\u00ea entende por vis\u00e3o de mundo?<\/h2>\n\n\n<p><\/p>De forma geral, a vis\u00e3o de mundo \u00e9 constru\u00edda atrav\u00e9s das hist\u00f3rias que nos contam e que contamos sobre o mundo, a sociedade e n\u00f3s mesmos. Apesar dos termos vis\u00e3o de mundo e paradigma serem frequentemente utilizados como sin\u00f4nimos intercambi\u00e1veis, eles podem ser entendidos a partir de suas singularidades.<br \/>\n\n\n\n\n<h2 class=\"wp-block-heading\">O que voc\u00ea entende por mundo?<\/h2>\n\n\n<p><\/p>Em seu sentido mais geral, o termo &#8220;mundo&#8221; se refere \u00e0 totalidade das entidades, ao conjunto da realidade ou a tudo o que existe. A natureza do mundo foi conceitualizada de diferentes maneiras em distintos campos. Algumas concep\u00e7\u00f5es veem o mundo como \u00fanico, enquanto outras falam de uma &#8220;pluralidade de mundos&#8221;.<br \/>\n\n\n\n\n<h2 class=\"wp-block-heading\">O que significa o mundo para voc\u00ea?<\/h2>\n\n\n<p><\/p>o mundo \u00e9 um lugar onde muita gente aprende e muita gente \u00e9 ruim o mundo \u00e9 lugar de aprendizado que o ser humano est\u00e1 destruindo o mundo cont\u00e9m v\u00e1rios elementos e um deles \u00e9 um homem os animais e as plantas \u00e9 um lugar onde Na verdade n\u00e3o poder\u00edamos destruir mais o homem est\u00e1 destruindo aos poucos o mundo \u00e9 um lugar de &#8230;<br \/>\n\n\n","protected":false},"excerpt":{"rendered":"<p>O que \u00e9 o mundo na B\u00edblia? O que \u00e9 o mundo para os crist\u00e3os? No Cristianismo, o conceito \u00e9 o da queda e corrup\u00e7\u00e3o da sociedade humana. O mundo \u00e9 freq\u00fcentemente citado junto com a carne e o Diabo como fontes de tenta\u00e7\u00e3o das quais os crist\u00e3os deveriam fugir. Quais s\u00e3o os tr\u00eas tipos [&hellip;]<\/p>\n","protected":false},"author":2,"featured_media":0,"comment_status":"open","ping_status":"closed","sticky":false,"template":"","format":"standard","meta":{"footnotes":""},"categories":[1],"tags":[],"class_list":["post-16675","post","type-post","status-publish","format-standard","hentry","category-conteudo"],"_links":{"self":[{"href":"https:\/\/ammabarbacena.com.br\/perguntas-frequentes\/wp-json\/wp\/v2\/posts\/16675","targetHints":{"allow":["GET"]}}],"collection":[{"href":"https:\/\/ammabarbacena.com.br\/perguntas-frequentes\/wp-json\/wp\/v2\/posts"}],"about":[{"href":"https:\/\/ammabarbacena.com.br\/perguntas-frequentes\/wp-json\/wp\/v2\/types\/post"}],"author":[{"embeddable":true,"href":"https:\/\/ammabarbacena.com.br\/perguntas-frequentes\/wp-json\/wp\/v2\/users\/2"}],"replies":[{"embeddable":true,"href":"https:\/\/ammabarbacena.com.br\/perguntas-frequentes\/wp-json\/wp\/v2\/comments?post=16675"}],"version-history":[{"count":1,"href":"https:\/\/ammabarbacena.com.br\/perguntas-frequentes\/wp-json\/wp\/v2\/posts\/16675\/revisions"}],"predecessor-version":[{"id":16676,"href":"https:\/\/ammabarbacena.com.br\/perguntas-frequentes\/wp-json\/wp\/v2\/posts\/16675\/revisions\/16676"}],"wp:attachment":[{"href":"https:\/\/ammabarbacena.com.br\/perguntas-frequentes\/wp-json\/wp\/v2\/media?parent=16675"}],"wp:term":[{"taxonomy":"category","embeddable":true,"href":"https:\/\/ammabarbacena.com.br\/perguntas-frequentes\/wp-json\/wp\/v2\/categories?post=16675"},{"taxonomy":"post_tag","embeddable":true,"href":"https:\/\/ammabarbacena.com.br\/perguntas-frequentes\/wp-json\/wp\/v2\/tags?post=16675"}],"curies":[{"name":"wp","href":"https:\/\/api.w.org\/{rel}","templated":true}]}}