{"id":16671,"date":"2025-08-01T05:47:04","date_gmt":"2025-08-01T05:47:04","guid":{"rendered":"http:\/\/63d84812-f893-420d-904e-d5dba6ba1265"},"modified":"2025-08-01T05:47:04","modified_gmt":"2025-08-01T05:47:04","slug":"o-que-e-o-mes-de-maio-na-biblia","status":"publish","type":"post","link":"https:\/\/ammabarbacena.com.br\/perguntas-frequentes\/o-que-e-o-mes-de-maio-na-biblia\/","title":{"rendered":"O que \u00e9 o mes de maio na b\u00edblia"},"content":{"rendered":"\n\n<h2 class=\"wp-block-heading\">Qual o significado do m\u00eas de maio na B\u00edblia?<\/h2>\n\nO m\u00eas de maio, al\u00e9m de lembrar o m\u00eas dos meses, das flores, das noivas e das m\u00e3es, nos p\u00f5e em proximidade a Maria, a m\u00e3e de Jesus, a profetiza de Nazar\u00e9. Peculiarmente, \u00e9 um m\u00eas devocional e de louvor para os crist\u00e3os, pois Maria ocupa um lugar de destaque no imagin\u00e1rio do povo cat\u00f3lico-crist\u00e3o.<br \/>\n\n\n\n\n<h2 class=\"wp-block-heading\">O que significa o m\u00eas de maio na B\u00edblia?<\/h2>\n\n\n<p><\/p>Compartilhe este artigo: O m\u00eas de maio, tradicionalmente dedicado a Maria, m\u00e3e de Jesus, \u00e9 um tempo especial para intensificar a vida de ora\u00e7\u00e3o.<br \/>\n\n\n\n\n<h2 class=\"wp-block-heading\">Qual \u00e9 o significado espiritual do m\u00eas de maio?<\/h2>\n\n\n<p><\/p>O m\u00eas de maio, al\u00e9m de lembrar o m\u00eas dos meses, das flores, das noivas e das m\u00e3es, nos p\u00f5e em proximidade a Maria, a m\u00e3e de Jesus, a profetiza de Nazar\u00e9. Peculiarmente, \u00e9 um m\u00eas devocional e de louvor para os crist\u00e3os, pois Maria ocupa um lugar de destaque no imagin\u00e1rio do povo cat\u00f3lico-crist\u00e3o.<br \/>\n\n\n\n\n<h2 class=\"wp-block-heading\">O que o m\u00eas de maio simboliza?<\/h2>\n\n\n<p><\/p>O m\u00eas de Maio foi o escolhido para est\u00e1 luta, pois, em 11 de maio de 2011, a ONU decretou a D\u00e9cada de A\u00e7\u00e3o para Seguran\u00e7a no Tr\u00e2nsito. Com isso, o m\u00eas de maio se tornou refer\u00eancia mundial para balan\u00e7o das a\u00e7\u00f5es que o mundo inteiro realiza.<br \/>\n\n\n\n\n<h2 class=\"wp-block-heading\">O que dizer sobre o m\u00eas de maio?<\/h2>\n\n\n<p><\/p>\u00c9 o m\u00eas do dia do abra\u00e7o, das mam\u00e3es, dos textos cl\u00e1ssicos e dos casamentos. Podemos dizer que neste m\u00eas de maio \u00e9 um dos mais apaixonantes meses do ano, pois se dedica ao amor materno, matrimonial e fraterno.<br \/>\n\n\n\n\n<h2 class=\"wp-block-heading\">Qual a teoria do m\u00eas de maio?<\/h2>\n\n\n<p><\/p>O m\u00eas de maio ser\u00e1 a teoria que os reencontros c\u00f3smicos. E o que \u00e9 que \u00e9 isso? Voc\u00ea j\u00e1 sabe depois eu vou falar cada signo que voc\u00eas podem esperar no m\u00eas de maio depois deixa ali nos coment\u00e1rios qual \u00e9 o teu signo bora l\u00e1. O m\u00eas de maio n\u00e3o vai ser o m\u00eas s\u00f3 de flores.<br \/>\n\n\n\n\n<h2 class=\"wp-block-heading\">O que dizer do m\u00eas de maio?<\/h2>\n\n\u00c9 o m\u00eas do dia do abra\u00e7o, das mam\u00e3es, dos textos cl\u00e1ssicos e dos casamentos. Podemos dizer que neste m\u00eas de maio \u00e9 um dos mais apaixonantes meses do ano, pois se dedica ao amor materno, matrimonial e fraterno.<br \/>\n\n\n\n\n<h2 class=\"wp-block-heading\">O que falar do m\u00eas de maio?<\/h2>\n\n\n<p><\/p>Este m\u00eas convida-nos a refletir sobre o amor materno, seja ele representado por Maria, na f\u00e9 crist\u00e3, ou pelas m\u00e3es, no dia a dia das fam\u00edlias. \u00c9 um per\u00edodo de gratid\u00e3o e reconhecimento pelo papel essencial das m\u00e3es na educa\u00e7\u00e3o e desenvolvimento emocional dos filhos, moldando valores que perduram por gera\u00e7\u00f5es.<br \/>\n\n\n\n\n<h2 class=\"wp-block-heading\">O que tem de especial no m\u00eas de maio?<\/h2>\n\n\n<p><\/p>\n\n<ul class=\"wp-block-list\">\n<li>01\/05: Dia da Literatura Brasileira. Dia Mundial do Trabalho. &#8230;<\/li>\n<li>02\/05: Dia Mundial do Atum. Dia Nacional do Ex-Combatente. &#8230;<\/li>\n<li>03\/05: Dia do Sol. Dia Mundial da Liberdade de Imprensa. &#8230;<\/li>\n<li>04\/05: Dia de Star Wars. &#8230;<\/li>\n<li>05\/05: Dia da Comunidade. &#8230;<\/li>\n<li>06\/05: Dia Nacional da Matem\u00e1tica.<\/li>\n<\/ul>\n\n\n\n\n<h2 class=\"wp-block-heading\">Qual a conscientiza\u00e7\u00e3o do m\u00eas de maio?<\/h2>\n\n\n<p><\/p>No Brasil, o Maio Amarelo foi adotado em 2014 e \u00e9 promovido pelo Observat\u00f3rio Nacional de Seguran\u00e7a Vi\u00e1ria (ONSV). A partir de 2021, o movimento passou a integrar a Nova D\u00e9cada Mundial de A\u00e7\u00f5es pela Seguran\u00e7a no Tr\u00e2nsito (2021-2030), uma iniciativa da ONU em parceria com a Organiza\u00e7\u00e3o Mundial da Sa\u00fade (OMS).<br \/>\n\n\n\n\n<h2 class=\"wp-block-heading\">Qual \u00e9 o tema do m\u00eas de maio?<\/h2>\n\n\n<p><\/p>Al\u00e9m da doce data do Dia das M\u00e3es, o M\u00eas de Maio \u00e9 marcado por duas lutas important\u00edssimas: o Maio Laranja \u2013 Contra o Abuso Sexual de Crian\u00e7as e Adolescentes e o Maio Amarelo \u2013 Aten\u00e7\u00e3o pela vida no tr\u00e2nsito.<br \/>\n\n\n\n\n<h2 class=\"wp-block-heading\">Qual \u00e9 uma frase motivacional para o m\u00eas de maio?<\/h2>\n\n\n<p><\/p>&#8220;Que o seu m\u00eas de maio seja t\u00e3o radiante quanto o seu cora\u00e7\u00e3o e t\u00e3o inspirador quanto a sua alma&#8221;. 2. &#8220;Em maio, que todas as coisas pare\u00e7am poss\u00edveis ao seu cora\u00e7\u00e3o! Que suas realiza\u00e7\u00f5es sejam t\u00e3o bem-vindas quanto as b\u00ean\u00e7\u00e3os que esperamos&#8221;.<br \/>\n\n\n\n\n<h2 class=\"wp-block-heading\">O que a Igreja celebra no m\u00eas de maio?<\/h2>\n\nMaio \u00e9 dedicado na Igreja como o m\u00eas Mariano, um tempo dedicado \u00e0 Nossa Senhora tendo algumas festas marcantes \u2014 no dia 13 de maio celebramos o dia de Nossa Senhora de F\u00e1tima e, no dia 24 do mesmo m\u00eas, celebramos Nossa Senhora Auxiliadora.<br \/>\n\n\n\n\n<h2 class=\"wp-block-heading\">O que \u00e9 o m\u00eas de maio para a Igreja Cat\u00f3lica?<\/h2>\n\n\n<p><\/p>Maio \u00e9 dedicado na Igreja como o m\u00eas Mariano, um tempo dedicado \u00e0 Nossa Senhora tendo algumas festas marcantes \u2014 no dia 13 de maio celebramos o dia de Nossa Senhora de F\u00e1tima e, no dia 24 do mesmo m\u00eas, celebramos Nossa Senhora Auxiliadora.<br \/>\n\n\n\n\n<h2 class=\"wp-block-heading\">O que a B\u00edblia fala sobre o m\u00eas de maio?<\/h2>\n\n\n<p><\/p>\n\n<ul class=\"wp-block-list\">\n<li>Maio: o m\u00eas de Maria<\/li>\n<li> Maria \u00e9 a Rainha do c\u00e9u e da terra (Ap 12,1-5), \u00e9 a M\u00e3e do Nosso Senhor. Por isso, merece sim todo um m\u00eas de devo\u00e7\u00e3o especial. Maria \u00e9 \u00fanica, \u00e9 Obra Prima de Deus. Foi concebida sem pecado original, pois Deus fez nela maravilhas.<\/li>\n<\/ul>\n\n\n\n\n<h2 class=\"wp-block-heading\">Quais s\u00e3o as nossas senhoras do m\u00eas de maio?<\/h2>\n\n\n<p><\/p>Podemos destacar neste m\u00eas: 13 de maio, anivers\u00e1rio da Apari\u00e7\u00e3o de Nossa Senhora de F\u00e1tima aos tr\u00eas pastorzinhos: L\u00facia dos Santos (10 anos); e o seus primos maternos: S\u00e3o Francisco Marto (8 anos) e Santa Jacinta Marto (7 anos), ambos irm\u00e3os. Dia 24 do mesmo m\u00eas, celebramos Nossa Senhora Auxiliadora dos Crist\u00e3os.<br \/>\n\n\n\n\n<h2 class=\"wp-block-heading\">O que devo rezar no m\u00eas de maio?<\/h2>\n\n\n<p><\/p>Durante a reza do ter\u00e7o, recorremos a M\u00e3e de Jesus, independentemente do t\u00edtulo, e pedimos a intercess\u00e3o por n\u00f3s e nossa fam\u00edlia. Em especial neste m\u00eas de maio, recordamos de Nossa Senhora de F\u00e1tima e Auxiliadora. E ainda recordamos quando a Virgem Maria visita sua prima Santa Isabel.<br \/>\n\n\n\n\n<h2 class=\"wp-block-heading\">Porque o m\u00eas de maio \u00e9 o M\u00eas Mariano?<\/h2>\n\nCom a funda\u00e7\u00e3o das congrega\u00e7\u00f5es marianas, no ano 1725, o costume se ampliou enormemente, difundindo-se por toda a Igreja. A motiva\u00e7\u00e3o era para que em cada fam\u00edlia se fizesse um altar em honra \u00e0 Nossa Senhora e se rezasse a ela todos os dias do m\u00eas de maio.<br \/>\n\n\n\n\n<h2 class=\"wp-block-heading\">Porque maio \u00e9 considerado o M\u00eas Mariano?<\/h2>\n\n\n<p><\/p>Com a funda\u00e7\u00e3o das congrega\u00e7\u00f5es marianas, no ano 1725, o costume se ampliou enormemente, difundindo-se por toda a Igreja. A motiva\u00e7\u00e3o era para que em cada fam\u00edlia se fizesse um altar em honra \u00e0 Nossa Senhora e se rezasse a ela todos os dias do m\u00eas de maio.<br \/>\n\n\n\n\n<h2 class=\"wp-block-heading\">O que significa M\u00eas Mariano na B\u00edblia?<\/h2>\n\n\n<p><\/p>O m\u00eas de maio \u00e9 considerado o m\u00eas mariano, pois homenageia com maior \u00eanfase a figura da Virgem Maria, m\u00e3e de Jesus.<br \/>\n\n\n\n\n<h2 class=\"wp-block-heading\">Por que maio \u00e9 considerado o m\u00eas de Nossa Senhora?<\/h2>\n\n\n<p><\/p>13 de maio, anivers\u00e1rio da Apari\u00e7\u00e3o de Nossa Senhora de F\u00e1tima aos tr\u00eas pastorzinhos: L\u00facia dos Santos (10 anos); e o seus primos maternos: S\u00e3o Francisco Marto (8 anos) e Santa Jacinta Marto (7 anos), ambos irm\u00e3os. Dia 24 do mesmo m\u00eas, celebramos Nossa Senhora Auxiliadora dos Crist\u00e3os.<br \/>\n\n\n\n\n<h2 class=\"wp-block-heading\">O que sobre Maria a Igreja ressalta no m\u00eas mariano?<\/h2>\n\n\n<p><\/p>Em especial neste m\u00eas de maio, recordamos de Nossa Senhora de F\u00e1tima e Auxiliadora. E ainda recordamos quando a Virgem Maria visita sua prima Santa Isabel. Nossa Senhora \u00e9 nossa advogada junto de Deus e n\u00e3o quer ver nenhum de seus filhos sofrer por isso. Ela leva os nossos pedidos at\u00e9 Deus.<br \/>\n\n\n\n\n<h2 class=\"wp-block-heading\">O que simboliza o m\u00eas de maio?<\/h2>\n\nNo \u00e2mbito das campanhas atreladas a c\u00f4res, maio \u00e9 conhecido como o m\u00eas das cinco cores, pois s\u00e3o lembradas, com campanhas de orienta\u00e7\u00e3o e conscientiza\u00e7\u00e3o tr\u00eas doen\u00e7as e duas quest\u00f5es que requerem cuidados.<br \/>\n\n\n\n\n<h2 class=\"wp-block-heading\">O que o m\u00eas de maio representa?<\/h2>\n\n\n<p><\/p>Maio, o m\u00eas da deusa da terra e das flores.<br \/>\n\n\n\n\n<h2 class=\"wp-block-heading\">O que maio representa?<\/h2>\n\n\n<p><\/p>Maio \u00e9 um m\u00eas repleto de datas comemorativas de relev\u00e2ncia hist\u00f3rica e econ\u00f4mica, tanto no \u00e2mbito nacional como internacionalmente. O Dia do Trabalhador e o Dia das M\u00e3es s\u00e3o algumas das celebra\u00e7\u00f5es mais conhecidas desse m\u00eas, mas as comemora\u00e7\u00f5es v\u00e3o muito al\u00e9m delas.<br \/>\n\n\n\n\n<h2 class=\"wp-block-heading\">Qual \u00e9 o s\u00edmbolo de maio?<\/h2>\n\n\n<p><\/p>\ud83c\udf97\ufe0fO s\u00edmbolo desse m\u00eas de Maio \u00e9 representado por uma fita na cor amarela, que representa a aten\u00e7\u00e3o necess\u00e1ria que todos devem ter ao conduzir os ve\u00edculos, com o objetivo de proteger a vida dos pedestres, ciclistas e demais usu\u00e1rios das vias.<br \/>\n\n\n\n\n<h2 class=\"wp-block-heading\">Qual \u00e9 o poder de maio?<\/h2>\n\n\n<p><\/p>Maio chega carregado de uma energia \u00fanica e transformadora, trazendo consigo vibra\u00e7\u00f5es poderosas que tocar\u00e3o a vida de tr\u00eas signos em especial. Sob a influ\u00eancia de astros benevolentes, esses nativos experimentar\u00e3o uma verdadeira magia de prosperidade, onde a sorte e a abund\u00e2ncia estar\u00e3o ao alcance.<br \/>\n\n\n\n\n<h2 class=\"wp-block-heading\">Qual \u00e9 a teoria do m\u00eas de maio?<\/h2>\n\n\n\n<h2 class=\"wp-block-heading\">Qual \u00e9 o carma do m\u00eas de maio?<\/h2>\n\n\n<p><\/p>Touro vai de 21 de abril a 20 de maio.<br \/>\n\n\n\n\n<h2 class=\"wp-block-heading\">Qual \u00e9 a teoria human\u00edstica criada por Elton Mayo?<\/h2>\n\n\n<p><\/p>Ela consiste na identifica\u00e7\u00e3o, organiza\u00e7\u00e3o, acompanhamento e melhoria das atividades que comp\u00f5em o fluxo de trabalho de uma organiza\u00e7\u00e3o, visando alcan\u00e7ar maior efici\u00eancia, qualidade e satisfa\u00e7\u00e3o dos usu\u00e1rios.<br \/>\n\n\n","protected":false},"excerpt":{"rendered":"<p>Qual o significado do m\u00eas de maio na B\u00edblia? O m\u00eas de maio, al\u00e9m de lembrar o m\u00eas dos meses, das flores, das noivas e das m\u00e3es, nos p\u00f5e em proximidade a Maria, a m\u00e3e de Jesus, a profetiza de Nazar\u00e9. Peculiarmente, \u00e9 um m\u00eas devocional e de louvor para os crist\u00e3os, pois Maria ocupa [&hellip;]<\/p>\n","protected":false},"author":2,"featured_media":0,"comment_status":"open","ping_status":"closed","sticky":false,"template":"","format":"standard","meta":{"footnotes":""},"categories":[1],"tags":[],"class_list":["post-16671","post","type-post","status-publish","format-standard","hentry","category-conteudo"],"_links":{"self":[{"href":"https:\/\/ammabarbacena.com.br\/perguntas-frequentes\/wp-json\/wp\/v2\/posts\/16671","targetHints":{"allow":["GET"]}}],"collection":[{"href":"https:\/\/ammabarbacena.com.br\/perguntas-frequentes\/wp-json\/wp\/v2\/posts"}],"about":[{"href":"https:\/\/ammabarbacena.com.br\/perguntas-frequentes\/wp-json\/wp\/v2\/types\/post"}],"author":[{"embeddable":true,"href":"https:\/\/ammabarbacena.com.br\/perguntas-frequentes\/wp-json\/wp\/v2\/users\/2"}],"replies":[{"embeddable":true,"href":"https:\/\/ammabarbacena.com.br\/perguntas-frequentes\/wp-json\/wp\/v2\/comments?post=16671"}],"version-history":[{"count":1,"href":"https:\/\/ammabarbacena.com.br\/perguntas-frequentes\/wp-json\/wp\/v2\/posts\/16671\/revisions"}],"predecessor-version":[{"id":16672,"href":"https:\/\/ammabarbacena.com.br\/perguntas-frequentes\/wp-json\/wp\/v2\/posts\/16671\/revisions\/16672"}],"wp:attachment":[{"href":"https:\/\/ammabarbacena.com.br\/perguntas-frequentes\/wp-json\/wp\/v2\/media?parent=16671"}],"wp:term":[{"taxonomy":"category","embeddable":true,"href":"https:\/\/ammabarbacena.com.br\/perguntas-frequentes\/wp-json\/wp\/v2\/categories?post=16671"},{"taxonomy":"post_tag","embeddable":true,"href":"https:\/\/ammabarbacena.com.br\/perguntas-frequentes\/wp-json\/wp\/v2\/tags?post=16671"}],"curies":[{"name":"wp","href":"https:\/\/api.w.org\/{rel}","templated":true}]}}