{"id":16669,"date":"2025-08-01T05:46:12","date_gmt":"2025-08-01T05:46:12","guid":{"rendered":"http:\/\/a164b219-bc6b-4b9f-947e-f0dd424b4430"},"modified":"2025-08-01T05:46:12","modified_gmt":"2025-08-01T05:46:12","slug":"o-que-e-o-mes-de-abibe-na-biblia","status":"publish","type":"post","link":"https:\/\/ammabarbacena.com.br\/perguntas-frequentes\/o-que-e-o-mes-de-abibe-na-biblia\/","title":{"rendered":"O que \u00e9 o mes de abibe na b\u00edblia"},"content":{"rendered":"\n\n<h2 class=\"wp-block-heading\">O que quer dizer o m\u00eas de Abibe na B\u00edblia?<\/h2>\n\n\u00c9 um m\u00eas profundamente conectado \u00e0 festa judaica da P\u00e1scoa, um tempo de lembran\u00e7a e gratid\u00e3o pela liberta\u00e7\u00e3o e liberdade. Em Nissan, somos lembrados da jornada dos israelitas da servid\u00e3o no Egito ao limiar da Terra Prometida \u2014 uma jornada da opress\u00e3o para a liberta\u00e7\u00e3o.<br \/>\n\n\n\n\n<h2 class=\"wp-block-heading\">O que significa o m\u00eas de Abibe na B\u00edblia?<\/h2>\n\n\n<p><\/p>\u00c9 um m\u00eas profundamente conectado \u00e0 festa judaica da P\u00e1scoa, um tempo de lembran\u00e7a e gratid\u00e3o pela liberta\u00e7\u00e3o e liberdade. Em Nissan, somos lembrados da jornada dos israelitas da servid\u00e3o no Egito ao limiar da Terra Prometida \u2014 uma jornada da opress\u00e3o para a liberta\u00e7\u00e3o.<br \/>\n\n\n\n\n<h2 class=\"wp-block-heading\">O que significa a palavra abib?<\/h2>\n\n\n<p><\/p>Quem somos &#8211; Associa\u00e7\u00e3o Brasileira de Pesquisa B\u00edblica.<br \/>\n\n\n\n\n<h2 class=\"wp-block-heading\">Qual \u00e9 o primeiro m\u00eas do ano para os judeus?<\/h2>\n\n\n<p><\/p>O primeiro m\u00eas do ano \u00e9 chamado de Tishrei, palavra que remonta ao per\u00edodo de 586 a.C. a 536 a.C., quando Jerusal\u00e9m foi destru\u00edda pelos babil\u00f4nios e os judeus foram for\u00e7adamente exilados para a regi\u00e3o mesopot\u00e2mia.<br \/>\n\n\n\n\n<h2 class=\"wp-block-heading\">Qual \u00e9 o significado do m\u00eas de Ziv?<\/h2>\n\n\n\n<h2 class=\"wp-block-heading\">O que \u00e9 o m\u00eas de Ziv na B\u00edblia?<\/h2>\n\n\n<p><\/p>Zive, o segundo m\u00eas do calend\u00e1rio judaico, corresponde a parte de abril e parte de maio no calend\u00e1rio gregoriano. Seu nome, que significa \u201cbrilho\u201d ou \u201cesplendor\u201d, possivelmente se relaciona ao florescimento da primavera em Israel.<br \/>\n\n\n\n\n<h2 class=\"wp-block-heading\">Qual \u00e9 o significado de Ziv?<\/h2>\n\n\n<p><\/p>Ziv \u00e9 uma palavra hebraica que significa &#8220;luz&#8221; ou &#8220;brilho&#8221;.<br \/>\n\n\n\n\n<h2 class=\"wp-block-heading\">Qual \u00e9 o significado do nome Ziv?<\/h2>\n\n\n<p><\/p>O significado literal do nome Ziv \u00e9 luz brilhante, raio ou brilho. O nome Ziv tamb\u00e9m \u00e9 mencionado na B\u00edblia como outro nome para o m\u00eas de Iyar no calend\u00e1rio hebraico. Outro significado do nome Ziv \u00e9 beleza e gra\u00e7a.<br \/>\n\n\n\n\n<h2 class=\"wp-block-heading\">O que significa m\u00eas de Abibe na B\u00edblia?<\/h2>\n\n\n<p><\/p>\u00c9 um m\u00eas profundamente conectado \u00e0 festa judaica da P\u00e1scoa, um tempo de lembran\u00e7a e gratid\u00e3o pela liberta\u00e7\u00e3o e liberdade. Em Nissan, somos lembrados da jornada dos israelitas da servid\u00e3o no Egito ao limiar da Terra Prometida \u2014 uma jornada da opress\u00e3o para a liberta\u00e7\u00e3o.<br \/>\n\n\n\n\n<h2 class=\"wp-block-heading\">Qual \u00e9 o nome do m\u00eas na Tor\u00e1, Abibe ou Nissan?<\/h2>\n\n\n<p><\/p>O nome Nissan tem origem babil\u00f4nica ( A origem do nome Nissan vem da palavra Nitzan, o nome da flor antes de se abrir.) (inicio\/abertura): na Tor\u00e1 o nome do m\u00eas \u00e9 Abib. \u00e9 o primeiro m\u00eas da primavera (primavera em hebraico, Aviv, Abibe), Este m\u00eas marca o in\u00edcio da primavera no hemisf\u00e9rio norte.<br \/>\n\n\n\n\n<h2 class=\"wp-block-heading\">Qual \u00e9 o significado do m\u00eas de Iyar?<\/h2>\n\n\n<p><\/p>Iyar conecta os dois meses de Nissan e Sivan (pelo poder de &#8220;sefirat ha\u00f4mer&#8221;, que come\u00e7a em Nissan, continua durante Iyar e termina em Sivan), o m\u00eas da reden\u00e7\u00e3o e o m\u00eas da outorga da Tor\u00e1. Somente estes tr\u00eas meses s\u00e3o referidos na Tor\u00e1 como o primeiro, o segundo e o terceiro m\u00eas do &#8220;\u00caxodo de Israel do Egito.<br \/>\n\n\n\n\n<h2 class=\"wp-block-heading\">O que significa o nome ABIB?<\/h2>\n\nA formaliza\u00e7\u00e3o da associa\u00e7\u00e3o se deu a partir da segunda assembleia geral ocorrida no mesmo espa\u00e7o, em maio de 2006. A palavra ABIB n\u00e3o \u00e9 originalmente uma sigla, mas sim um s\u00edmbolo, oriundo da palavra hebraica abib que significa \u201cprimavera\u201d.<br \/>\n\n\n\n\n<h2 class=\"wp-block-heading\">O que significa abibe segundo a B\u00edblia?<\/h2>\n\n\n<p><\/p>Abib \u00e9 o primeiro m\u00eas do Antigo calend\u00e1rio israelita , que acontece por volta de mar\u00e7o\/ abril.<br \/>\n\n\n\n\n<h2 class=\"wp-block-heading\">Qual \u00e9 o significado do nome ABIB?<\/h2>\n\n\n<p><\/p>A ABIB \u2013 Associa\u00e7\u00e3o Brasileira de Pesquisa \u00e9 uma organiza\u00e7\u00e3o sem fins lucrativos, que re\u00fane pesquisadores e pesquisadoras na \u00e1rea b\u00edblica.<br \/>\n\n\n\n\n<h2 class=\"wp-block-heading\">O que significa abi na B\u00edblia?<\/h2>\n\n\n<p><\/p>Inspirado por Deus, e certamente pelos ensinamentos de sua m\u00e3e, Ezequias trouxe um poderoso reavivamento \u00e0 na\u00e7\u00e3o de Israel. O nome Ezequias significa &#8220;Forte no Senhor,&#8221; Abi-Seu nome significa &#8220;Meu Pai \u00e9 o Senhor.&#8221;<br \/>\n\n\n\n\n<h2 class=\"wp-block-heading\">O que significa o nome Abi?<\/h2>\n\n\n<p><\/p>Forma abreviada do hebr. Abiah, cujo &#8220;pai \u00e9 Deus&#8221;, composto do aramaico ab, pai, e Iah, Deus.<br \/>\n\n\n\n\n<h2 class=\"wp-block-heading\">Quem foi Abibe?<\/h2>\n\n\n<p><\/p>o germinar do trigo. Antigo nomecananeu do primeiro m\u00eas do ano sagrado dos hebreus, sendo o s\u00e9timo do civil ; foi no dia 15 desse m\u00eas que partiu do Egito o povo de israel (\u00cax 13.4). Para comemorar esta liberta\u00e7\u00e3o, foi a lua da P\u00e1scoa, mais tarde, considerada o princ\u00edpio do ano judaico (\u00cax 12.2).<br \/>\n\n\n\n\n<h2 class=\"wp-block-heading\">O que significa a palavra tel abibe?<\/h2>\n\n\n<p><\/p>Menachem Shenkin escolheu o nome para significar uma nova vila judaica perto de Jaffa , que se desenvolveu e se tornou a moderna cidade israelense de Tel Aviv .<br \/>\n\n\n\n\n<h2 class=\"wp-block-heading\">Qual \u00e9 o significado de TEL-ABIBE na B\u00edblia?<\/h2>\n\n\n\n<h2 class=\"wp-block-heading\">O que significa tel abib?<\/h2>\n\n\n<p><\/p>Etimologia. O nome Tel Aviv (literalmente &#8220;Colina da Primavera&#8221; ) foi escolhido em 1910 a partir de muitas sugest\u00f5es, entre elas &#8220;Herzliya&#8221;. Tel Aviv \u00e9 o t\u00edtulo hebraico do livro de Theodor Herzl Altneuland, traduzido do alem\u00e3o por Nahum Sokolow.<br \/>\n\n\n\n\n<h2 class=\"wp-block-heading\">O que quer dizer a palavra abibe na B\u00edblia?<\/h2>\n\n\n<p><\/p>Abib \u00e9 o primeiro m\u00eas do Antigo calend\u00e1rio israelita , que acontece por volta de mar\u00e7o\/ abril.<br \/>\n\n\n\n\n<h2 class=\"wp-block-heading\">Qual \u00e9 o m\u00eas de abibe em Israel?<\/h2>\n\n\n<p><\/p>Abibe, o primeiro m\u00eas do antigo calend\u00e1rio lunar hebreu, marcava o in\u00edcio da primavera em Israel, coincidindo geralmente com partes de mar\u00e7o e abril.<br \/>\n\n\n\n\n<h2 class=\"wp-block-heading\">Qual era o m\u00eas de Nis\u00e3?<\/h2>\n\n\n\n<h2 class=\"wp-block-heading\">Qual \u00e9 o m\u00eas de Abide?<\/h2>\n\n\n<p><\/p>Abib \u00e9 o primeiro m\u00eas do Antigo calend\u00e1rio israelita , que acontece por volta de mar\u00e7o\/ abril.<br \/>\n\n\n\n\n<h2 class=\"wp-block-heading\">Que dia \u00e9 14 de nis\u00e3 em 2025?<\/h2>\n\n\n<p><\/p>A P\u00e1scoa judaica de 2025 come\u00e7ar\u00e1 na noite de s\u00e1bado, 12 de abril de 2025, dia 14 de nis\u00e3 de 5785.<br \/>\n\n\n\n\n<h2 class=\"wp-block-heading\">O que significa o nome nis\u00e3?<\/h2>\n\n\n<p><\/p>\n\n<ul class=\"wp-block-list\">\n<li>Significado de palavras<\/li>\n<li> A paz do Senhor Jesus.<\/li>\n<\/ul>\n\n\n\n\n<h2 class=\"wp-block-heading\">Qual \u00e9 o m\u00eas de Nissan no nosso calend\u00e1rio 2025?<\/h2>\n\n\n<p><\/p>Em 2025, Nissan come\u00e7a ao p\u00f4r do sol de 30 de mar\u00e7o e termina ao p\u00f4r do sol de 29 de abril.<br \/>\n\n\n\n\n<h2 class=\"wp-block-heading\">O que significa 14 de nisa?<\/h2>\n\n\n\n<h2 class=\"wp-block-heading\">O que significa o m\u00eas de Siv\u00e3?<\/h2>\n\n\n<p><\/p>Sivan ( hebraico : \u05e1\u05b4\u05d9\u05d5\u05b8\u05df , moderno : Sivan , tiberiano : Siw\u0101n , do ac\u00e1dio sim\u0101nu , que significa &#8220;esta\u00e7\u00e3o; tempo&#8221; ) \u00e9 o nono m\u00eas do ano civil e o terceiro m\u00eas do ano religioso no calend\u00e1rio hebraico . \u00c9 um m\u00eas de 30 dias.<br \/>\n\n\n\n\n<h2 class=\"wp-block-heading\">Como sabemos que Jesus morreu em 14 de nis\u00e3?<\/h2>\n\n\n<p><\/p>Segundo a B\u00edblia, Jesus Cristo morreu no dia 14 do m\u00eas judaico de nis\u00e3, que se iniciava na lua nova vis\u00edvel em Jerusal\u00e9m, mais pr\u00f3xima do equin\u00f3cio de Primavera, que ocorre a 21 de mar\u00e7o. O dia entre os judeus n\u00e3o se iniciava \u00e0 0 hora (meia-noite), mas sim ao p\u00f4r do sol.<br \/>\n\n\n\n\n<h2 class=\"wp-block-heading\">O que significa nis\u00e3 na B\u00edblia?<\/h2>\n\n\n<p><\/p>No calend\u00e1rio hebraico, \u00e9 o primeiro m\u00eas do ano eclesi\u00e1stico, chamado de &#8220;primeiro dos meses do ano&#8221; ( \u00caxodo 12 :1-2 ) , &#8220;primeiro m\u00eas&#8221; (\u00cax 12:14) e o m\u00eas de Aviv ( \u00cax 13:4). \u00c9 chamado de Niss\u0101n no Livro de Ester . \u00c9 um m\u00eas de 30 dias. No ano de 2025, 1\u00ba de nis\u00e3 ocorrer\u00e1 em 30 de mar\u00e7o.<br \/>\n\n\n\n\n<h2 class=\"wp-block-heading\">O que o n\u00famero 14 representa na B\u00edblia?<\/h2>\n\n\n<p><\/p>O n\u00famero 14 aparece na genealogia de Jesus escrita por Mateus. Quando Mateus escreveu seu relato sobre o Messias Jesus, ele n\u00e3o fez um registro cronol\u00f3gico, mas sim um registro tem\u00e1tico, tendo em mente seu p\u00fablico judeu.<br \/>\n\n\n","protected":false},"excerpt":{"rendered":"<p>O que quer dizer o m\u00eas de Abibe na B\u00edblia? \u00c9 um m\u00eas profundamente conectado \u00e0 festa judaica da P\u00e1scoa, um tempo de lembran\u00e7a e gratid\u00e3o pela liberta\u00e7\u00e3o e liberdade. Em Nissan, somos lembrados da jornada dos israelitas da servid\u00e3o no Egito ao limiar da Terra Prometida \u2014 uma jornada da opress\u00e3o para a liberta\u00e7\u00e3o. [&hellip;]<\/p>\n","protected":false},"author":2,"featured_media":0,"comment_status":"open","ping_status":"closed","sticky":false,"template":"","format":"standard","meta":{"footnotes":""},"categories":[1],"tags":[],"class_list":["post-16669","post","type-post","status-publish","format-standard","hentry","category-conteudo"],"_links":{"self":[{"href":"https:\/\/ammabarbacena.com.br\/perguntas-frequentes\/wp-json\/wp\/v2\/posts\/16669","targetHints":{"allow":["GET"]}}],"collection":[{"href":"https:\/\/ammabarbacena.com.br\/perguntas-frequentes\/wp-json\/wp\/v2\/posts"}],"about":[{"href":"https:\/\/ammabarbacena.com.br\/perguntas-frequentes\/wp-json\/wp\/v2\/types\/post"}],"author":[{"embeddable":true,"href":"https:\/\/ammabarbacena.com.br\/perguntas-frequentes\/wp-json\/wp\/v2\/users\/2"}],"replies":[{"embeddable":true,"href":"https:\/\/ammabarbacena.com.br\/perguntas-frequentes\/wp-json\/wp\/v2\/comments?post=16669"}],"version-history":[{"count":1,"href":"https:\/\/ammabarbacena.com.br\/perguntas-frequentes\/wp-json\/wp\/v2\/posts\/16669\/revisions"}],"predecessor-version":[{"id":16670,"href":"https:\/\/ammabarbacena.com.br\/perguntas-frequentes\/wp-json\/wp\/v2\/posts\/16669\/revisions\/16670"}],"wp:attachment":[{"href":"https:\/\/ammabarbacena.com.br\/perguntas-frequentes\/wp-json\/wp\/v2\/media?parent=16669"}],"wp:term":[{"taxonomy":"category","embeddable":true,"href":"https:\/\/ammabarbacena.com.br\/perguntas-frequentes\/wp-json\/wp\/v2\/categories?post=16669"},{"taxonomy":"post_tag","embeddable":true,"href":"https:\/\/ammabarbacena.com.br\/perguntas-frequentes\/wp-json\/wp\/v2\/tags?post=16669"}],"curies":[{"name":"wp","href":"https:\/\/api.w.org\/{rel}","templated":true}]}}