{"id":13785,"date":"2025-07-29T21:32:01","date_gmt":"2025-07-29T21:32:01","guid":{"rendered":"http:\/\/584b80ab-88b3-4116-bd0e-c54083e0905b"},"modified":"2025-07-29T21:32:01","modified_gmt":"2025-07-29T21:32:01","slug":"crepusculo-na-biblia-o-que-e","status":"publish","type":"post","link":"https:\/\/ammabarbacena.com.br\/perguntas-frequentes\/crepusculo-na-biblia-o-que-e\/","title":{"rendered":"Crep\u00fasculo na b\u00edblia o que \u00e9"},"content":{"rendered":"\n\n<h2 class=\"wp-block-heading\">O que \u00e9 crep\u00fasculo na B\u00edblia?<\/h2>\n\n\n\n<h2 class=\"wp-block-heading\">Qual o verdadeiro significado da palavra crep\u00fasculo?<\/h2>\n\n\n<p><\/p>Mestre Houaiss diz que o crep\u00fasculo se d\u00e1 entre o ocaso e a noite, ou entre a noite e o nascer do Sol. Portanto, se antecede o final de algo, sentido mais comum do termo, tamb\u00e9m indica o surgimento de alguma coisa nova.<br \/>\n\n\n\n\n<h2 class=\"wp-block-heading\">O que a B\u00edblia diz sobre vampiros?<\/h2>\n\n\n<p><\/p>Vampiros. Sangue \u00e9 de fato uma palavra bastante usada na B\u00edblia, e h\u00e1 algumas ocasi\u00f5es em que \u00e9 mencionado que n\u00e3o devemos consumi-lo, como Deuteron\u00f4mio 12:23, que diz: \u201cSomente esfor\u00e7a-te para que n\u00e3o comas o sangue; pois o sangue \u00e9 vida; pelo que n\u00e3o comer\u00e1s a vida com a carne.\u201d<br \/>\n\n\n\n\n<h2 class=\"wp-block-heading\">Qual \u00e9 o significado espiritual do crep\u00fasculo?<\/h2>\n\n\n\n<h2 class=\"wp-block-heading\">O que \u00e9 crep\u00fasculo na B\u00edblia Sagrada?<\/h2>\n\n\n<p><\/p>Era o crep\u00fasculo, o anoitecer, quando ca\u00eda a escurid\u00e3o profunda.<br \/>\n\n\n\n\n<h2 class=\"wp-block-heading\">O que significa crep\u00fasculo da vida?<\/h2>\n\n\n<p><\/p>Crep\u00fasculo da vida , fig : a velhice; ancianidade, senectude. Crep\u00fasculo matutino : o que ocorre ao nascer do dia.<br \/>\n\n\n\n\n<h2 class=\"wp-block-heading\">O que crep\u00fasculo nos ensina?<\/h2>\n\n\n<p><\/p>Que ser voc\u00ea mesma sempre vale mais a pena do que criar um personagem. Al\u00e9m disso, nada como ter ao seu lado um garoto que te ama pelo que voc\u00ea \u00e9! Durante todos os filmes, os la\u00e7os familiares ganharam destaque. A fam\u00edlia de Edward, por exemplo, mostra que com uni\u00e3o \u00e9 poss\u00edvel ser do bem!<br \/>\n\n\n\n\n<h2 class=\"wp-block-heading\">O que \u00e9 crep\u00fasculo humano?<\/h2>\n\n\n<p><\/p>Os humanos s\u00e3o a esp\u00e9cie b\u00e1sica da s\u00e9rie Crep\u00fasculo , da qual se originam vampiros , metamorfos e lobisomens . Sem poderes sobrenaturais, s\u00e3o considerados presas pela maioria dos vampiros, que precisam de seu sangue para se sustentar.<br \/>\n\n\n\n\n<h2 class=\"wp-block-heading\">O que o crep\u00fasculo significa?<\/h2>\n\nEm seu sentido mais geral, crep\u00fasculo \u00e9 o per\u00edodo de tempo antes do nascer do sol e ap\u00f3s o p\u00f4r do sol, no qual a atmosfera \u00e9 parcialmente iluminada pelo sol, n\u00e3o estando nem totalmente escura nem completamente iluminada.<br \/>\n\n\n\n\n<h2 class=\"wp-block-heading\">O que \u00e9 o crep\u00fasculo?<\/h2>\n\n\n<p><\/p>O crep\u00fasculo vespertino ocorre nas horas da noite, quando o Sol se p\u00f5e sobre o horizonte e os c\u00e9us est\u00e3o escurecendo gradualmente. O crep\u00fasculo matutino ocorre de manh\u00e3, quando o Sol nasce, e o c\u00e9u fica claro.<br \/>\n\n\n\n\n<h2 class=\"wp-block-heading\">O que significa crep\u00fasculo?<\/h2>\n\n\n<p><\/p>Crep\u00fasculo (do termo latino crepusc\u016dlum) ou lusco-fusco s\u00e3o os instantes em que o c\u00e9u pr\u00f3ximo ao horizonte no poente ou nascente toma uma cor gradiente, entre o azul do dia e o escuro da noite.<br \/>\n\n\n\n\n<h2 class=\"wp-block-heading\">Onde est\u00e1 escrito crep\u00fasculo na B\u00edblia?<\/h2>\n\nProv\u00e9rbios 7:9 Era o crep\u00fasculo, o anoitecer, quando ca\u00eda a escurid\u00e3o profunda.<br \/>\n\n\n\n\n<h2 class=\"wp-block-heading\">Onde fala na B\u00edblia sobre amanhecer?<\/h2>\n\n\n<p><\/p>( Salmos:3.5 )Eu me deitei e dormi: acordei. Porque o SENHOR me sustentou. Versiculos da Biblia. | Facebook.<br \/>\n\n\n\n\n<h2 class=\"wp-block-heading\">O que diz Mateus 20?<\/h2>\n\n\n<p><\/p>20 Ent\u00e3o se aproximou dele a m\u00e3e dos filhos de Zebedeu, com seus filhos, adorando-o, e pedindo-lhe alguma coisa. 21 E ele disse-lhe: Que queres? Disse-lhe ela: Dize que estes meus dois filhos se assentem, um \u00e0 tua direita e outro \u00e0 tua esquerda, no teu reino.<br \/>\n\n\n\n\n<h2 class=\"wp-block-heading\">O que vem a ser crep\u00fasculo?<\/h2>\n\nCrep\u00fasculo (ap\u00f3s o p\u00f4r do sol) \u2013 a transi\u00e7\u00e3o noturna da luz do dia para a escurid\u00e3o da noite.<br \/>\n\n\n\n\n<h2 class=\"wp-block-heading\">O que \u00e9 o crep\u00fasculo no c\u00e9u?<\/h2>\n\n\n<p><\/p>Crep\u00fasculo \u00e9 a ilumina\u00e7\u00e3o diurna produzida pela radia\u00e7\u00e3o difusa do c\u00e9u quando o Sol est\u00e1 abaixo do horizonte, \u00e0 medida que a luz solar da atmosfera superior \u00e9 espalhada de forma a iluminar tanto a atmosfera inferior quanto a superf\u00edcie terrestre.<br \/>\n\n\n\n\n<h2 class=\"wp-block-heading\">Por que Jesus aparece em crep\u00fasculo dos Deuses?<\/h2>\n\nEle &#8220;v\u00ea&#8221; Jesus porque ele especificamente pede a seid Kona para mostrar a ele o futuro. O futuro que lhe \u00e9 mostrado \u00e9 aquele em que vivemos agora, onde os deuses antigos n\u00e3o s\u00e3o mais adorados e a maior seguidora \u00e9 o cristianismo.<br \/>\n\n\n\n\n<h2 class=\"wp-block-heading\">O que significa o Crep\u00fasculo dos Deuses?<\/h2>\n\n\n<p><\/p>O Crep\u00fasculo dos Deuses (em alem\u00e3o: G\u00f6tterd\u00e4mmerung) \u00e9 uma \u00f3pera do compositor alem\u00e3o Richard Wagner, a quarta parte das quatro que comp\u00f5em a tetralogia Der Ring des Nibelungen (O Anel do Nibelungo).<br \/>\n\n\n\n\n<h2 class=\"wp-block-heading\">Quem \u00e9 Baldr em Crep\u00fasculo dos Deuses?<\/h2>\n\n\n<p><\/p>Baldr \u00e9 baseado no deus n\u00f3rdico \u00c6sir de mesmo nome. Ele era filho de Odin e irm\u00e3o de Thor , assim como em Crep\u00fasculo dos Deuses . Sua m\u00e3e, Frigg, fez um acordo com todas as coisas, for\u00e7ando cada uma a jurar nunca machucar Baldr, e ent\u00e3o ele era invulner\u00e1vel.<br \/>\n\n\n\n\n<h2 class=\"wp-block-heading\">Quem era Odin em Crep\u00fasculo dos Deuses?<\/h2>\n\n\n<p><\/p>Odin era o rei dos deuses, o Pai de Todos e o Senhor das Hist\u00f3rias, retratado por John Noble em Crep\u00fasculo dos Deuses . Odin \u00e9 um deus proeminente na mitologia n\u00f3rdica, com at\u00e9 mesmo um dia da semana moderno, quarta-feira, sendo nomeado em sua homenagem.<br \/>\n\n\n\n\n<h2 class=\"wp-block-heading\">Porque Odin viu Jesus?<\/h2>\n\n\n<p><\/p>Odin v\u00ea o triunfo de Jesus porque seu povo eventualmente abandona seus fetiches e s\u00edmbolos sagrados, terminando seu poder e reinado.<br \/>\n\n\n\n\n<h2 class=\"wp-block-heading\">Como termina o Crep\u00fasculo dos Deuses?<\/h2>\n\n\n<p><\/p>No \u00faltimo epis\u00f3dio durante a batalha a Hervor morre e enquanto a Sigrid est\u00e1 implorando para as valqu\u00edrias levarem ela para valhalla, Hell aparece e diz que como a arma dela era amaldi\u00e7oada seu destino era hell, por\u00e9m depois a Sigrid morre mas a valqu\u00edria a leva para valhalla, detalhe que a Sigrid tamb\u00e9m possui arma &#8230;<br \/>\n\n\n","protected":false},"excerpt":{"rendered":"<p>O que \u00e9 crep\u00fasculo na B\u00edblia? Qual o verdadeiro significado da palavra crep\u00fasculo? Mestre Houaiss diz que o crep\u00fasculo se d\u00e1 entre o ocaso e a noite, ou entre a noite e o nascer do Sol. Portanto, se antecede o final de algo, sentido mais comum do termo, tamb\u00e9m indica o surgimento de alguma coisa [&hellip;]<\/p>\n","protected":false},"author":2,"featured_media":0,"comment_status":"open","ping_status":"closed","sticky":false,"template":"","format":"standard","meta":{"footnotes":""},"categories":[1],"tags":[],"class_list":["post-13785","post","type-post","status-publish","format-standard","hentry","category-conteudo"],"_links":{"self":[{"href":"https:\/\/ammabarbacena.com.br\/perguntas-frequentes\/wp-json\/wp\/v2\/posts\/13785","targetHints":{"allow":["GET"]}}],"collection":[{"href":"https:\/\/ammabarbacena.com.br\/perguntas-frequentes\/wp-json\/wp\/v2\/posts"}],"about":[{"href":"https:\/\/ammabarbacena.com.br\/perguntas-frequentes\/wp-json\/wp\/v2\/types\/post"}],"author":[{"embeddable":true,"href":"https:\/\/ammabarbacena.com.br\/perguntas-frequentes\/wp-json\/wp\/v2\/users\/2"}],"replies":[{"embeddable":true,"href":"https:\/\/ammabarbacena.com.br\/perguntas-frequentes\/wp-json\/wp\/v2\/comments?post=13785"}],"version-history":[{"count":1,"href":"https:\/\/ammabarbacena.com.br\/perguntas-frequentes\/wp-json\/wp\/v2\/posts\/13785\/revisions"}],"predecessor-version":[{"id":13786,"href":"https:\/\/ammabarbacena.com.br\/perguntas-frequentes\/wp-json\/wp\/v2\/posts\/13785\/revisions\/13786"}],"wp:attachment":[{"href":"https:\/\/ammabarbacena.com.br\/perguntas-frequentes\/wp-json\/wp\/v2\/media?parent=13785"}],"wp:term":[{"taxonomy":"category","embeddable":true,"href":"https:\/\/ammabarbacena.com.br\/perguntas-frequentes\/wp-json\/wp\/v2\/categories?post=13785"},{"taxonomy":"post_tag","embeddable":true,"href":"https:\/\/ammabarbacena.com.br\/perguntas-frequentes\/wp-json\/wp\/v2\/tags?post=13785"}],"curies":[{"name":"wp","href":"https:\/\/api.w.org\/{rel}","templated":true}]}}