{"id":13245,"date":"2025-07-29T15:53:04","date_gmt":"2025-07-29T15:53:04","guid":{"rendered":"http:\/\/133f08eb-8089-46ff-b2dc-6908a0f0b4ff"},"modified":"2025-07-29T15:53:04","modified_gmt":"2025-07-29T15:53:04","slug":"o-que-e-revelacao-geral-na-biblia","status":"publish","type":"post","link":"https:\/\/ammabarbacena.com.br\/perguntas-frequentes\/o-que-e-revelacao-geral-na-biblia\/","title":{"rendered":"O que \u00e9 revela\u00e7\u00e3o geral na b\u00edblia"},"content":{"rendered":"\n\n<h2 class=\"wp-block-heading\">Quais s\u00e3o os meios da revela\u00e7\u00e3o geral?<\/h2>\n\n\n\n<h2 class=\"wp-block-heading\">Quais s\u00e3o os 3 dons de revela\u00e7\u00e3o?<\/h2>\n\n\n<p><\/p>Ao longo deste e\u2011book, vamos explorar uma vis\u00e3o geral dos diferentes dons mencionados na B\u00edblia. Desde dons de revela\u00e7\u00e3o, como a palavra de sabedoria e a palavra de conhecimento, at\u00e9 dons de poder, como a f\u00e9, milagres e cura divina, e dons de express\u00e3o, como falar em l\u00ednguas e interpreta\u00e7\u00e3o de l\u00ednguas.<br \/>\n\n\n\n\n<h2 class=\"wp-block-heading\">O que \u00e9 revela\u00e7\u00e3o geral segundo a B\u00edblia?<\/h2>\n\n\n<p><\/p>Revela\u00e7\u00e3o geral \u00e9 a express\u00e3o da teologia crist\u00e3 utilizada para designar a revela\u00e7\u00e3o de Deus a toda a humanidade atrav\u00e9s, especialmente, da obra da cria\u00e7\u00e3o. Contrasta com a revela\u00e7\u00e3o especial, que se trata de Jesus Cristo e, em segundo n\u00edvel, da B\u00edblia.<br \/>\n\n\n\n\n<h2 class=\"wp-block-heading\">Quais s\u00e3o os tr\u00eas tipos de revela\u00e7\u00e3o?<\/h2>\n\n\n<p><\/p>As tr\u00eas categorias teol\u00f3gicas de revela\u00e7\u00e3o s\u00e3o a revela\u00e7\u00e3o geral, a revela\u00e7\u00e3o especial e a revela\u00e7\u00e3o pessoal. 1. Revela\u00e7\u00e3o Geral: A revela\u00e7\u00e3o geral refere-se \u00e0 manifesta\u00e7\u00e3o de Deus na cria\u00e7\u00e3o e na ordem natural do mundo.<br \/>\n\n\n\n\n<h2 class=\"wp-block-heading\">Quais s\u00e3o as revela\u00e7\u00f5es naturais de Deus?<\/h2>\n\n\n<p><\/p>Na revela\u00e7\u00e3o natural temos seu conte\u00fado: poder, sabedoria, bondade, criatividade, dentre outras qualidades do Criador. Por\u00e9m, a despeito de tudo que foi dito, o seu prop\u00f3sito definido traz tamb\u00e9m sua limita\u00e7\u00e3o.<br \/>\n\n\n\n\n<h2 class=\"wp-block-heading\">Quais s\u00e3o os dois tipos de revela\u00e7\u00e3o na B\u00edblia?<\/h2>\n\nTom\u00e1s de Aquino acreditava em dois tipos de revela\u00e7\u00e3o individual de Deus: revela\u00e7\u00e3o geral e revela\u00e7\u00e3o especial. Na revela\u00e7\u00e3o geral, Deus se revela atrav\u00e9s de sua cria\u00e7\u00e3o.<br \/>\n\n\n\n\n<h2 class=\"wp-block-heading\">Quais os tipos de revela\u00e7\u00e3o na B\u00edblia?<\/h2>\n\n\n<p><\/p>As escrituras falam de diferentes tipos de revela\u00e7\u00e3o, tais como vis\u00f5es, sonhos e visitas de anjos. Por meio desses canais, o Senhor restaurou Seu evangelho nos \u00faltimos dias e revelou muitas verdades. Entretanto, a maioria das revela\u00e7\u00f5es aos l\u00edderes e membros da Igreja vem por meio dos sussurros do Esp\u00edrito Santo.<br \/>\n\n\n\n\n<h2 class=\"wp-block-heading\">O que s\u00e3o revela\u00e7\u00e3o geral e revela\u00e7\u00e3o especial?<\/h2>\n\n\n<p><\/p>Revela\u00e7\u00e3o geral \u00e9 a express\u00e3o da teologia crist\u00e3 utilizada para designar a revela\u00e7\u00e3o de Deus a toda a humanidade atrav\u00e9s, especialmente, da obra da cria\u00e7\u00e3o. Contrasta com a revela\u00e7\u00e3o especial, que se trata de Jesus Cristo e, em segundo n\u00edvel, da B\u00edblia.<br \/>\n\n\n\n\n<h2 class=\"wp-block-heading\">Quais s\u00e3o as formas de revela\u00e7\u00e3o de Deus ao ser humano?<\/h2>\n\n\n<p><\/p>Apresenta os v\u00e1rios tipos de revela\u00e7\u00e3o de Deus : revela\u00e7\u00e3o geral (na natureza, na consci\u00eancia, na hist\u00f3ria) e revela\u00e7\u00e3o especial (pelos profetas, milagres, nas Escrituras e em Cristo).<br \/>\n\n\n\n\n<h2 class=\"wp-block-heading\">O que diferencia a revela\u00e7\u00e3o geral da especial de Deus?<\/h2>\n\nA revela\u00e7\u00e3o geral \u00e9 acess\u00edvel a todos atrav\u00e9s da cria\u00e7\u00e3o, mostrando que Deus existe. A revela\u00e7\u00e3o especial se d\u00e1 atrav\u00e9s da B\u00edblia, contendo mensagens diretas de Deus a pessoas espec\u00edficas. A cria\u00e7\u00e3o, tanto no macro quanto no micro, demonstra a gl\u00f3ria e o poder de Deus.<br \/>\n\n\n\n\n<h2 class=\"wp-block-heading\">O que \u00e9 a revela\u00e7\u00e3o especial de Deus?<\/h2>\n\n\n<p><\/p>Revela\u00e7\u00e3o especial, segundo a teologia sistem\u00e1tica, \u00e9 aquela em que Deus se mostra aos seres humanos atrav\u00e9s de meios sobrenaturais, como milagres, encarna\u00e7\u00e3o de Jesus Cristo e inspira\u00e7\u00e3o da B\u00edblia. \u00c9 distinta da revela\u00e7\u00e3o geral, que se dirige a toda a humanidade e cujo instrumento \u00e9 a cria\u00e7\u00e3o ou natureza.<br \/>\n\n\n\n\n<h2 class=\"wp-block-heading\">Quais s\u00e3o os dois tipos de revela\u00e7\u00e3o de Deus?<\/h2>\n\n\n<p><\/p>Hebreus 1.1,2. Embora a B\u00edblia fale das &#8220;diversas maneiras&#8221; em que Deus se revela, distinguimos entre dois tipos principais de revela\u00e7\u00e3o \u2013 a geral e a especial.<br \/>\n\n\n\n\n<h2 class=\"wp-block-heading\">Como Deus se revela de forma especial?<\/h2>\n\n\n<p><\/p>A revela\u00e7\u00e3o especial \u00e9 aquela por meio da qual DEUS SE REVELA, dizendo-nos algo a respeito de si mesmo, mas tamb\u00e9m acerca da nossa condi\u00e7\u00e3o de pecador, assim como apresentando a solu\u00e7\u00e3o DEFINITIVA em Cristo para nossa vida. Al\u00e9m disso, a revela\u00e7\u00e3o especial tem um objetivo que transcende a revela\u00e7\u00e3o natural.<br \/>\n\n\n\n\n<h2 class=\"wp-block-heading\">Por que a B\u00edblia pode ser considerada revela\u00e7\u00e3o especial?<\/h2>\n\n\n<p><\/p>A B\u00edblia \u00e9 considerada a principal forma de revela\u00e7\u00e3o especial, pois cont\u00e9m a mensagem de Deus \u00e0 humanidade. Em 2 Tim\u00f3teo 3:16, Paulo afirma que \u201ctoda a Escritura \u00e9 inspirada por Deus\u201d, tornando-se a base para a f\u00e9 e a pr\u00e1tica crist\u00e3. A suprema revela\u00e7\u00e3o de Deus \u00e9 encontrada na pessoa de Jesus Cristo.<br \/>\n\n\n\n\n<h2 class=\"wp-block-heading\">Quais s\u00e3o os tipos de revela\u00e7\u00e3o?<\/h2>\n\nEmbora existam diferentes formas de revela\u00e7\u00e3o, podemos classific\u00e1-las em dois tipos principais: a Revela\u00e7\u00e3o Geral e a Revela\u00e7\u00e3o Especial.<br \/>\n\n\n\n\n<h2 class=\"wp-block-heading\">Quais s\u00e3o as tr\u00eas fontes da revela\u00e7\u00e3o divina?<\/h2>\n\n\n<p><\/p>Tradi\u00e7\u00e3o, Magist\u00e9rio e Sagrada Escritura s\u00e3o os pilares da revela\u00e7\u00e3o divina.<br \/>\n\n\n\n\n<h2 class=\"wp-block-heading\">Qual \u00e9 a terceira revela\u00e7\u00e3o?<\/h2>\n\n\n<p><\/p>O Espiritismo \u00e9 chamado tamb\u00e9m Terceira Revela\u00e7\u00e3o, em refer\u00eancia ao que consideramos as tr\u00eas grandes revela\u00e7\u00f5es de espiritualidade para com a Humanidade.<br \/>\n\n\n\n\n<h2 class=\"wp-block-heading\">O que significa revela\u00e7\u00e3o geral?<\/h2>\n\nRevela\u00e7\u00e3o geral \u00e9 a express\u00e3o da teologia crist\u00e3 utilizada para designar a revela\u00e7\u00e3o de Deus a toda a humanidade atrav\u00e9s, especialmente, da obra da cria\u00e7\u00e3o. Contrasta com a revela\u00e7\u00e3o especial, que se trata de Jesus Cristo e, em segundo n\u00edvel, da B\u00edblia.<br \/>\n\n\n\n\n<h2 class=\"wp-block-heading\">Qual \u00e9 a diferen\u00e7a entre revela\u00e7\u00e3o geral e revela\u00e7\u00e3o especial?<\/h2>\n\n\n<p><\/p>No entanto, ela \u201cn\u00e3o [\u00e9 suficiente] para dar aquele conhecimento de Deus e da sua vontade necess\u00e1rio para a salva\u00e7\u00e3o\u201d (Confiss\u00e3o de F\u00e9 Westminster, I. 1). A revela\u00e7\u00e3o geral n\u00e3o revela Jesus Cristo ou Sua obra redentora dirigida aos pecadores. Assim, torna-se necess\u00e1rio aquilo que \u00e9 chamado de \u201crevela\u00e7\u00e3o especial\u201d.<br \/>\n\n\n\n\n<h2 class=\"wp-block-heading\">O que \u00e9 revela\u00e7\u00e3o geral na teologia?<\/h2>\n\n\n<p><\/p>Revela\u00e7\u00e3o geral , ou revela\u00e7\u00e3o natural , \u00e9 um conceito na teologia crist\u00e3 que se refere \u00e0 revela\u00e7\u00e3o de Deus como ela \u00e9 &#8216;feita a todos os homens em todos os lugares&#8217;, que \u00e9 descoberta por meios naturais, como observa\u00e7\u00f5es da natureza (o universo f\u00edsico ), filosofia e racioc\u00ednio.<br \/>\n\n\n\n\n<h2 class=\"wp-block-heading\">O que \u00e9 a revela\u00e7\u00e3o geral de Deus?<\/h2>\n\n\n<p><\/p>Revela\u00e7\u00e3o geral \u00e9 a express\u00e3o da teologia crist\u00e3 utilizada para designar a revela\u00e7\u00e3o de Deus a toda a humanidade atrav\u00e9s, especialmente, da obra da cria\u00e7\u00e3o. Contrasta com a revela\u00e7\u00e3o especial, que se trata de Jesus Cristo e, em segundo n\u00edvel, da B\u00edblia.<br \/>\n\n\n\n\n<h2 class=\"wp-block-heading\">O que \u00e9 revela\u00e7\u00e3o especial segundo a B\u00edblia?<\/h2>\n\n\n<p><\/p>Revela\u00e7\u00e3o especial, segundo a teologia sistem\u00e1tica, \u00e9 aquela em que Deus se mostra aos seres humanos atrav\u00e9s de meios sobrenaturais, como milagres, encarna\u00e7\u00e3o de Jesus Cristo e inspira\u00e7\u00e3o da B\u00edblia.<br \/>\n\n\n\n\n<h2 class=\"wp-block-heading\">A revela\u00e7\u00e3o geral \u00e9 suficiente para salvar pecadores?<\/h2>\n\nA revela\u00e7\u00e3o natural \u00e9, portanto, suficiente para condenar, mas n\u00e3o para salvar. Devido ao estado deca\u00eddo do homem, a revela\u00e7\u00e3o natural n\u00e3o \u00e9 nem clara nem suficiente para que as verdades necess\u00e1rias \u00e0 sua salva\u00e7\u00e3o sejam compreendidas.<br \/>\n\n\n\n\n<h2 class=\"wp-block-heading\">O que Jesus falou sobre revela\u00e7\u00e3o?<\/h2>\n\n\n<p><\/p>&#8220;Exatamente o que tenho dito o tempo todo&#8221;, respondeu Jesus. Ent\u00e3o Jesus disse: &#8220;Quando voc\u00eas levantarem o Filho do homem, saber\u00e3o que Eu Sou, e que nada fa\u00e7o de mim mesmo, mas falo exatamente o que o Pai me ensinou. O vencedor herdar\u00e1 tudo isto, e eu serei seu Deus, e ele ser\u00e1 meu filho.<br \/>\n\n\n\n\n<h2 class=\"wp-block-heading\">Qual a necessidade da salva\u00e7\u00e3o para o pecador?<\/h2>\n\n\n<p><\/p>Salva\u00e7\u00e3o do Pecado. Para ser purificado do pecado por meio da Expia\u00e7\u00e3o do Salvador, \u00e9 preciso ter f\u00e9 em Jesus Cristo, arrepender-se, ser batizado e receber o dom do Esp\u00edrito Santo (ver Atos 2:37\u201338).<br \/>\n\n\n","protected":false},"excerpt":{"rendered":"<p>Quais s\u00e3o os meios da revela\u00e7\u00e3o geral? Quais s\u00e3o os 3 dons de revela\u00e7\u00e3o? Ao longo deste e\u2011book, vamos explorar uma vis\u00e3o geral dos diferentes dons mencionados na B\u00edblia. Desde dons de revela\u00e7\u00e3o, como a palavra de sabedoria e a palavra de conhecimento, at\u00e9 dons de poder, como a f\u00e9, milagres e cura divina, e [&hellip;]<\/p>\n","protected":false},"author":2,"featured_media":0,"comment_status":"open","ping_status":"closed","sticky":false,"template":"","format":"standard","meta":{"footnotes":""},"categories":[1],"tags":[],"class_list":["post-13245","post","type-post","status-publish","format-standard","hentry","category-conteudo"],"_links":{"self":[{"href":"https:\/\/ammabarbacena.com.br\/perguntas-frequentes\/wp-json\/wp\/v2\/posts\/13245","targetHints":{"allow":["GET"]}}],"collection":[{"href":"https:\/\/ammabarbacena.com.br\/perguntas-frequentes\/wp-json\/wp\/v2\/posts"}],"about":[{"href":"https:\/\/ammabarbacena.com.br\/perguntas-frequentes\/wp-json\/wp\/v2\/types\/post"}],"author":[{"embeddable":true,"href":"https:\/\/ammabarbacena.com.br\/perguntas-frequentes\/wp-json\/wp\/v2\/users\/2"}],"replies":[{"embeddable":true,"href":"https:\/\/ammabarbacena.com.br\/perguntas-frequentes\/wp-json\/wp\/v2\/comments?post=13245"}],"version-history":[{"count":1,"href":"https:\/\/ammabarbacena.com.br\/perguntas-frequentes\/wp-json\/wp\/v2\/posts\/13245\/revisions"}],"predecessor-version":[{"id":13246,"href":"https:\/\/ammabarbacena.com.br\/perguntas-frequentes\/wp-json\/wp\/v2\/posts\/13245\/revisions\/13246"}],"wp:attachment":[{"href":"https:\/\/ammabarbacena.com.br\/perguntas-frequentes\/wp-json\/wp\/v2\/media?parent=13245"}],"wp:term":[{"taxonomy":"category","embeddable":true,"href":"https:\/\/ammabarbacena.com.br\/perguntas-frequentes\/wp-json\/wp\/v2\/categories?post=13245"},{"taxonomy":"post_tag","embeddable":true,"href":"https:\/\/ammabarbacena.com.br\/perguntas-frequentes\/wp-json\/wp\/v2\/tags?post=13245"}],"curies":[{"name":"wp","href":"https:\/\/api.w.org\/{rel}","templated":true}]}}