{"id":13243,"date":"2025-07-29T15:52:10","date_gmt":"2025-07-29T15:52:10","guid":{"rendered":"http:\/\/1140a951-a113-4b46-a555-5f3915f22f53"},"modified":"2025-07-29T15:52:10","modified_gmt":"2025-07-29T15:52:10","slug":"o-que-e-retete-na-biblia","status":"publish","type":"post","link":"https:\/\/ammabarbacena.com.br\/perguntas-frequentes\/o-que-e-retete-na-biblia\/","title":{"rendered":"O que \u00e9 retete na b\u00edblia"},"content":{"rendered":"\n\n<h2 class=\"wp-block-heading\">O que quer dizer a palavra retet\u00e9?<\/h2>\n\nDenomina-se retet\u00e9 (tamb\u00e9m conhecido como retet\u00e9 de Jeov\u00e1, manto ou canela de fogo) o ritual religioso recorrente em certas denomina\u00e7\u00f5es pentecostais brasileiras, em especial em igrejas situadas nas periferias de grandes cidades da Regi\u00e3o Sudeste.<br \/>\n<h3>O que \u00e9 \"retet\u00e9\". Simples explica\u00e7\u00e3o do significado da ...<\/h3><iframe src=\"https:\/\/www.youtube.com\/embed\/sTstdfPHF_I\" width=\"560\" height=\"315\" frameborder=\"0\" allowfullscreen><\/iframe>\n\n\n\n\n\n\n<h2 class=\"wp-block-heading\">Onde nasceu o retet\u00e9?<\/h2>\n\n\n<p><\/p>RETET\u00c9: \u00e9 um Ritual Africano Trazido Para Portugal em meados de 1948, onde as Pessoas se Reuniam Para Praticar Rituais de Voduns, as Pessoas Furavam Umas as Outras.<br \/>\n\n\n\n\n<h2 class=\"wp-block-heading\">O que significa retet\u00e9 segundo a B\u00edblia?<\/h2>\n\n\n<p><\/p>Consiste em demonstra\u00e7\u00f5es de emo\u00e7\u00f5es de modo exagerado que, de acordo com os seus praticantes, s\u00e3o \u201cmanifesta\u00e7\u00f5es do Esp\u00edrito Santo de Deus\u201d. Cantar, dan\u00e7ar desorientadamente, pular, gritar, rolar no ch\u00e3o, girar, entre outros movimentos aleat\u00f3rios s\u00e3o algumas das caracter\u00edsticas t\u00edpicas do retet\u00e9.<br \/>\n\n\n\n\n<h2 class=\"wp-block-heading\">O que \u00e9 o ritual africano de retet\u00e9?<\/h2>\n\n\n\n<h2 class=\"wp-block-heading\">O que \u00e9 o ritual do retet\u00e9?<\/h2>\n\n\n<p><\/p>Denomina-se retet\u00e9 (tamb\u00e9m conhecido como retet\u00e9 de Jeov\u00e1, manto ou canela de fogo) o ritual religioso recorrente em certas denomina\u00e7\u00f5es pentecostais brasileiras, em especial em igrejas situadas nas periferias de grandes cidades da Regi\u00e3o Sudeste.<br \/>\n\n\n\n\n<h2 class=\"wp-block-heading\">O que significa retet\u00e9 na \u00c1frica?<\/h2>\n\n\n<p><\/p>\u201c \u00c9 um ritual africano, trazido para Portugal, em meados de 1948 onde as pessoas se reuniam para rituais. Esse termo foi aderido pelos crist\u00e3os de movimento pentecostal inclusive pastores, e tem levado multid\u00f5es a errarem ao falar esta palavra.<br \/>\n\n\n\n\n<h2 class=\"wp-block-heading\">Que significa retet\u00e9 de Jeov\u00e1?<\/h2>\n\ncamadas populares urbanas conhecidas, em express\u00e3o de grupo, como retet\u00e9 de Jeov\u00e1. O termo alude, de modo geral, aos rituais ruidosos e sensoriais, marcados por expressivas performances corporais que lembram uma dan\u00e7a girat\u00f3ria (Guerreiro, 2016, 2018).<br \/>\n\n\n\n\n<h2 class=\"wp-block-heading\">O que quer dizer retet\u00e9 de Jeov\u00e1?<\/h2>\n\n\n<p><\/p>camadas populares urbanas conhecidas, em express\u00e3o de grupo, como retet\u00e9 de Jeov\u00e1. O termo alude, de modo geral, aos rituais ruidosos e sensoriais, marcados por expressivas performances corporais que lembram uma dan\u00e7a girat\u00f3ria (Guerreiro, 2016, 2018).<br \/>\n\n\n\n\n<h2 class=\"wp-block-heading\">Qual \u00e9 o significado verdadeiro de retet\u00e9?<\/h2>\n\n\n<p><\/p>Os cultos de retet\u00e9 caracterizam-se pela m\u00fasica sincopada, de letras simples e repetitivas, ao som das quais \u00e9 permitido aos fi\u00e9is expressar livremente sua alegria, que consideram proveniente do Esp\u00edrito Santo.<br \/>\n\n\n\n\n<h2 class=\"wp-block-heading\">Onde tem retet\u00e9 na B\u00edblia?<\/h2>\n\nTemos de deixar algo muito claro: n\u00e3o h\u00e1 na B\u00edblia nenhuma recomenda\u00e7\u00e3o a que as igrejas pratiquem o retet\u00e9.<br \/>\n\n\n\n\n<h2 class=\"wp-block-heading\">Onde surgiu o retet\u00e9?<\/h2>\n\n\n<p><\/p>\u201c \u00c9 um ritual africano, trazido para Portugal, em meados de 1948 onde as pessoas se reuniam para rituais.<br \/>\n\n\n\n\n<h2 class=\"wp-block-heading\">Qual \u00e9 o significado do retet\u00e9?<\/h2>\n\n\n\n<h2 class=\"wp-block-heading\">Qual a origem do termo retet\u00e9?<\/h2>\n\n\n<p><\/p>\u201c \u00c9 um ritual africano, trazido para Portugal, em meados de 1948 onde as pessoas se reuniam para rituais.<br \/>\n\n\n\n\n<h2 class=\"wp-block-heading\">Qual o significado da m\u00fasica &#8220;Sapato de Fogo&#8221; na igreja?<\/h2>\n\n\n<h3>CORINHOS DE FOGO, M\u00daSICAS PENTECOSTAIS, S\u00d3 SAPATO ...<\/h3><iframe src=\"https:\/\/www.youtube.com\/embed\/SaMHsbqREz8\" width=\"560\" height=\"315\" frameborder=\"0\" allowfullscreen><\/iframe>\n\n\n\n<h2 class=\"wp-block-heading\">Qual o significado de can\u00e7\u00e3o de fogo?<\/h2>\n\n\n<p><\/p>CAN\u00c7\u00c3O DE FOGO \u00c9 UM SER PRESEPEIRO QUE VIVE DAS MALANDRAGENS ARMADAS PELO SEU ENORME SENSO DE ESPERTEZA.<br \/>\n\n\n\n\n<h2 class=\"wp-block-heading\">O que o fogo representa para os crist\u00e3os?<\/h2>\n\n\n<p><\/p>N\u00e3o podemos esquecer que foi com o fogo que Jesus batizou seus ap\u00f3stolos. O fogo aquece nosso cora\u00e7\u00e3o, ilumina as trevas da Noite e por isso tem import\u00e2ncia em rituais de magia, \u00e9 idolatrado por alguns, serve de inspira\u00e7\u00e3o para outros e ainda pode ser considerado s\u00edmbolo da paix\u00e3o.<br \/>\n\n\n","protected":false},"excerpt":{"rendered":"<p>O que quer dizer a palavra retet\u00e9? Denomina-se retet\u00e9 (tamb\u00e9m conhecido como retet\u00e9 de Jeov\u00e1, manto ou canela de fogo) o ritual religioso recorrente em certas denomina\u00e7\u00f5es pentecostais brasileiras, em especial em igrejas situadas nas periferias de grandes cidades da Regi\u00e3o Sudeste. Onde nasceu o retet\u00e9? RETET\u00c9: \u00e9 um Ritual Africano Trazido Para Portugal em [&hellip;]<\/p>\n","protected":false},"author":2,"featured_media":0,"comment_status":"open","ping_status":"closed","sticky":false,"template":"","format":"standard","meta":{"footnotes":""},"categories":[1],"tags":[],"class_list":["post-13243","post","type-post","status-publish","format-standard","hentry","category-conteudo"],"_links":{"self":[{"href":"https:\/\/ammabarbacena.com.br\/perguntas-frequentes\/wp-json\/wp\/v2\/posts\/13243","targetHints":{"allow":["GET"]}}],"collection":[{"href":"https:\/\/ammabarbacena.com.br\/perguntas-frequentes\/wp-json\/wp\/v2\/posts"}],"about":[{"href":"https:\/\/ammabarbacena.com.br\/perguntas-frequentes\/wp-json\/wp\/v2\/types\/post"}],"author":[{"embeddable":true,"href":"https:\/\/ammabarbacena.com.br\/perguntas-frequentes\/wp-json\/wp\/v2\/users\/2"}],"replies":[{"embeddable":true,"href":"https:\/\/ammabarbacena.com.br\/perguntas-frequentes\/wp-json\/wp\/v2\/comments?post=13243"}],"version-history":[{"count":1,"href":"https:\/\/ammabarbacena.com.br\/perguntas-frequentes\/wp-json\/wp\/v2\/posts\/13243\/revisions"}],"predecessor-version":[{"id":13244,"href":"https:\/\/ammabarbacena.com.br\/perguntas-frequentes\/wp-json\/wp\/v2\/posts\/13243\/revisions\/13244"}],"wp:attachment":[{"href":"https:\/\/ammabarbacena.com.br\/perguntas-frequentes\/wp-json\/wp\/v2\/media?parent=13243"}],"wp:term":[{"taxonomy":"category","embeddable":true,"href":"https:\/\/ammabarbacena.com.br\/perguntas-frequentes\/wp-json\/wp\/v2\/categories?post=13243"},{"taxonomy":"post_tag","embeddable":true,"href":"https:\/\/ammabarbacena.com.br\/perguntas-frequentes\/wp-json\/wp\/v2\/tags?post=13243"}],"curies":[{"name":"wp","href":"https:\/\/api.w.org\/{rel}","templated":true}]}}