{"id":13229,"date":"2025-07-29T15:45:27","date_gmt":"2025-07-29T15:45:27","guid":{"rendered":"http:\/\/ba20e3d2-d178-4f3b-97ff-cc09a5fedab1"},"modified":"2025-07-29T15:45:27","modified_gmt":"2025-07-29T15:45:27","slug":"o-que-e-reencarnacao-na-biblia","status":"publish","type":"post","link":"https:\/\/ammabarbacena.com.br\/perguntas-frequentes\/o-que-e-reencarnacao-na-biblia\/","title":{"rendered":"O que \u00e9 reencarna\u00e7\u00e3o na b\u00edblia"},"content":{"rendered":"\n\n<h2 class=\"wp-block-heading\">O que a B\u00edblia fala de reencarna\u00e7\u00e3o?<\/h2>\n\n\u201cSemeia-se em fraqueza, ressuscita em poder.\u201d (1 Cor\u00edntios 15: 43). \u201cSemeia-se corpo natural, ressuscita corpo espiritual. Se h\u00e1 corpo natural, h\u00e1 tamb\u00e9m corpo espiritual.\u201d (1 Cor\u00edntios 15: 44).<br \/>\n\n\n\n\n<h2 class=\"wp-block-heading\">Onde est\u00e1 escrito na B\u00edblia sobre reencarna\u00e7\u00e3o?<\/h2>\n\n\n<p><\/p>O profeta Elias e a sua reencarna\u00e7\u00e3o em Jo\u00e3o Batista a prop\u00f3sito de MT 17,10-13. &#8220;Quando a morte chega, morre a totalidade da pessoa, seu corpo e sua alma.<br \/>\n\n\n\n\n<h2 class=\"wp-block-heading\">O que o cristianismo fala sobre reencarna\u00e7\u00e3o?<\/h2>\n\n\n<p><\/p>No cristianismo o conceito da reencarna\u00e7\u00e3o, ou seja, a preexist\u00eancia do esp\u00edrito antes da concep\u00e7\u00e3o do corpo f\u00edsico foi aceito at\u00e9 meados do s\u00e9culo seis, mas foi abolido pelo imperador Justiniano e sua esposa Teodora no Conc\u00edlio Ecum\u00eanico de Constantinopla (553).<br \/>\n\n\n\n\n<h2 class=\"wp-block-heading\">Qual vers\u00edculo da B\u00edblia fala sobre o espiritismo?<\/h2>\n\n\n<p><\/p>Que Diz Deus sobre o espiritismo? Lev\u00edtico 19:31 \u00e9 enf\u00e1tico em dizer: \u201cN\u00e3o vos voltareis para os que consultam os mortos nem para os feiticeiros; n\u00e3o os busqueis para n\u00e3o ficardes contaminados por eles. Eu sou o Senhor vosso Deus\u201d. O espiritualismo ocultista era comum entre os pag\u00e3os nos tempos b\u00edblicos.<br \/>\n\n\n\n\n<h2 class=\"wp-block-heading\">Como se explica a reencarna\u00e7\u00e3o?<\/h2>\n\n\n\n<h2 class=\"wp-block-heading\">Como ocorre o processo de reencarna\u00e7\u00e3o?<\/h2>\n\n\n<p><\/p>O processo de reencarna\u00e7\u00e3o nunca acontece sem um objetivo ou motivo, pois os seres podem estar em miss\u00e3o, prova\u00e7\u00e3o ou expia\u00e7\u00e3o. A miss\u00e3o \u00e9 a tarefa ou o poder conferido a algu\u00e9m para realizar algo. Por\u00e9m, vale ressaltar que encarnar em virtude de uma miss\u00e3o somente ocorre para uma minoria de esp\u00edritos.<br \/>\n\n\n\n\n<h2 class=\"wp-block-heading\">O que a B\u00edblia fala sobre a reencarna\u00e7\u00e3o?<\/h2>\n\n\n<p><\/p>\u201cSemeia-se em fraqueza, ressuscita em poder.\u201d (1 Cor\u00edntios 15: 43). \u201cSemeia-se corpo natural, ressuscita corpo espiritual. Se h\u00e1 corpo natural, h\u00e1 tamb\u00e9m corpo espiritual.\u201d (1 Cor\u00edntios 15: 44).<br \/>\n\n\n\n\n<h2 class=\"wp-block-heading\">Por que a reencarna\u00e7\u00e3o foi tirada da B\u00edblia?<\/h2>\n\n\n\n<h2 class=\"wp-block-heading\">Quem criou a doutrina da reencarna\u00e7\u00e3o?<\/h2>\n\n\n<p><\/p>A cren\u00e7a na reencarna\u00e7\u00e3o dentre as primeiras existiu entre os m\u00edsticos judeus na Idade M\u00e9dia, em meio aos quais foram dadas explica\u00e7\u00f5es diferentes sobre a vida ap\u00f3s a morte, embora com uma cren\u00e7a universal em uma alma imortal.<br \/>\n\n\n\n\n<h2 class=\"wp-block-heading\">Os primeiros crist\u00e3os acreditavam na reencarna\u00e7\u00e3o?<\/h2>\n\n\n<p><\/p>Ainda que haja controv\u00e9rsia entre os estudiosos, podemos afirmar que o cristianismo conviveu, nos seus primeiros s\u00e9culos, com a ideia de reencarna\u00e7\u00e3o. No imp\u00e9rio romano do s\u00e9culo III, havia adeptos da reencarna\u00e7\u00e3o entre os n\u00e3o crist\u00e3os. Os gn\u00f3sticos, por exemplo, admitiam a reencarna\u00e7\u00e3o.<br \/>\n\n\n\n\n<h2 class=\"wp-block-heading\">Qual religi\u00e3o acredita reencarna\u00e7\u00e3o?<\/h2>\n\n\n<p><\/p>O conceito pode ser encontrado em cren\u00e7as diversas como o hindu\u00edsmo, o budismo, o jainismo (religi\u00e3o origin\u00e1ria da \u00cdndia), al\u00e9m do espiritismo presente no Brasil \u2013 para citar alguns exemplos.<br \/>\n\n\n\n\n<h2 class=\"wp-block-heading\">Quando a reencarna\u00e7\u00e3o saiu da B\u00edblia?<\/h2>\n\n\n<p><\/p>No cristianismo o conceito da reencarna\u00e7\u00e3o, ou seja, a preexist\u00eancia do esp\u00edrito antes da concep\u00e7\u00e3o do corpo f\u00edsico foi aceito at\u00e9 meados do s\u00e9culo seis, mas foi abolido pelo imperador Justiniano e sua esposa Teodora no Conc\u00edlio Ecum\u00eanico de Constantinopla (553).<br \/>\n\n\n\n\n<h2 class=\"wp-block-heading\">Jesus encarnou ou reencarnou?<\/h2>\n\n\n\n<h2 class=\"wp-block-heading\">O que Jesus falou sobre a reencarna\u00e7\u00e3o?<\/h2>\n\n\n<p><\/p>Jesus lhe respondeu: \u201cEm verdade, em verdade digo-te: Ningu\u00e9m pode ver o reino de Deus se n\u00e3o nascer de novo.\u201d Disse-lhe Nicodemos: \u201cComo pode nascer um homem j\u00e1 velho? Pode tornar a entrar no ventre de sua m\u00e3e, para nascer segunda vez?\u201d<br \/>\n\n\n\n\n<h2 class=\"wp-block-heading\">Onde fala que Jesus encarnou?<\/h2>\n\n\n<p><\/p>No in\u00edcio do Evangelho de S\u00e3o Jo\u00e3o, \u00e9 dito que \u201co Verbo se fez carne e habitou entre n\u00f3s\u201d ( Jo 1,14 ). O Verbo \u00e9 Jesus Cristo, que se encarnou no seio da Virgem Maria.<br \/>\n\n\n\n\n<h2 class=\"wp-block-heading\">Os crist\u00e3os acreditam em reencarna\u00e7\u00e3o?<\/h2>\n\n\n\n<h2 class=\"wp-block-heading\">Quais igrejas acreditam na reencarna\u00e7\u00e3o?<\/h2>\n\n\n<p><\/p>A reencarna\u00e7\u00e3o \u00e9 um princ\u00edpio central das religi\u00f5es indianas (ou seja, Hindu\u00edsmo, Budismo, Jainismo e Sikhismo ) e muitas variedades de Paganismo, embora existam grupos que n\u00e3o acreditam na reencarna\u00e7\u00e3o, em vez disso, acreditam na vida ap\u00f3s a morte.<br \/>\n\n\n\n\n<h2 class=\"wp-block-heading\">O que o catolicismo fala sobre reencarna\u00e7\u00e3o?<\/h2>\n\n\n<p><\/p>E o Catecismo da Igreja Cat\u00f3lica confirma: &#8220;Quando tiver terminado o \u00fanico curso de nossa vida terrestre, n\u00e3o voltaremos mais a outras vidas terrestres. (&#8230;) N\u00e3o existe &#8216;reencarna\u00e7\u00e3o&#8217; depois da morte&#8221; (\u00a7 1013).<br \/>\n\n\n\n\n<h2 class=\"wp-block-heading\">O que est\u00e1 escrito em Jo\u00e3o 3\/8?<\/h2>\n\n8 O vento sopra onde quer, e ouves a sua voz; por\u00e9m n\u00e3o sabes de onde vem, nem para onde vai; assim \u00e9 todo aquele que \u00e9 nascido do Esp\u00edrito.<br \/>\n\n\n\n\n<h2 class=\"wp-block-heading\">O que Jesus quer dizer em Jo\u00e3o 3\/8?<\/h2>\n\n\n<p><\/p>O Salvador ensinou em Jo\u00e3o 3 : 8 que podemos ver os efeitos do vento, mas n\u00e3o de onde vem nem para onde vai. Da mesma forma, nem sempre podemos entender quando come\u00e7a o novo nascimento, nem como as mudan\u00e7as dentro de n\u00f3s est\u00e3o sendo feitas.<br \/>\n\n\n","protected":false},"excerpt":{"rendered":"<p>O que a B\u00edblia fala de reencarna\u00e7\u00e3o? \u201cSemeia-se em fraqueza, ressuscita em poder.\u201d (1 Cor\u00edntios 15: 43). \u201cSemeia-se corpo natural, ressuscita corpo espiritual. Se h\u00e1 corpo natural, h\u00e1 tamb\u00e9m corpo espiritual.\u201d (1 Cor\u00edntios 15: 44). Onde est\u00e1 escrito na B\u00edblia sobre reencarna\u00e7\u00e3o? O profeta Elias e a sua reencarna\u00e7\u00e3o em Jo\u00e3o Batista a prop\u00f3sito de [&hellip;]<\/p>\n","protected":false},"author":2,"featured_media":0,"comment_status":"open","ping_status":"closed","sticky":false,"template":"","format":"standard","meta":{"footnotes":""},"categories":[1],"tags":[],"class_list":["post-13229","post","type-post","status-publish","format-standard","hentry","category-conteudo"],"_links":{"self":[{"href":"https:\/\/ammabarbacena.com.br\/perguntas-frequentes\/wp-json\/wp\/v2\/posts\/13229","targetHints":{"allow":["GET"]}}],"collection":[{"href":"https:\/\/ammabarbacena.com.br\/perguntas-frequentes\/wp-json\/wp\/v2\/posts"}],"about":[{"href":"https:\/\/ammabarbacena.com.br\/perguntas-frequentes\/wp-json\/wp\/v2\/types\/post"}],"author":[{"embeddable":true,"href":"https:\/\/ammabarbacena.com.br\/perguntas-frequentes\/wp-json\/wp\/v2\/users\/2"}],"replies":[{"embeddable":true,"href":"https:\/\/ammabarbacena.com.br\/perguntas-frequentes\/wp-json\/wp\/v2\/comments?post=13229"}],"version-history":[{"count":1,"href":"https:\/\/ammabarbacena.com.br\/perguntas-frequentes\/wp-json\/wp\/v2\/posts\/13229\/revisions"}],"predecessor-version":[{"id":13230,"href":"https:\/\/ammabarbacena.com.br\/perguntas-frequentes\/wp-json\/wp\/v2\/posts\/13229\/revisions\/13230"}],"wp:attachment":[{"href":"https:\/\/ammabarbacena.com.br\/perguntas-frequentes\/wp-json\/wp\/v2\/media?parent=13229"}],"wp:term":[{"taxonomy":"category","embeddable":true,"href":"https:\/\/ammabarbacena.com.br\/perguntas-frequentes\/wp-json\/wp\/v2\/categories?post=13229"},{"taxonomy":"post_tag","embeddable":true,"href":"https:\/\/ammabarbacena.com.br\/perguntas-frequentes\/wp-json\/wp\/v2\/tags?post=13229"}],"curies":[{"name":"wp","href":"https:\/\/api.w.org\/{rel}","templated":true}]}}