{"id":11385,"date":"2025-07-28T04:31:58","date_gmt":"2025-07-28T04:31:58","guid":{"rendered":"http:\/\/6e7c02e1-6005-4364-89f7-41b5b4f62fd7"},"modified":"2025-07-28T04:31:58","modified_gmt":"2025-07-28T04:31:58","slug":"o-que-e-mes-de-abibe-na-biblia","status":"publish","type":"post","link":"https:\/\/ammabarbacena.com.br\/perguntas-frequentes\/o-que-e-mes-de-abibe-na-biblia\/","title":{"rendered":"O que \u00e9 m\u00eas de abibe na b\u00edblia"},"content":{"rendered":"\n\n<h2 class=\"wp-block-heading\">Qual \u00e9 o m\u00eas de Abibe no nosso calend\u00e1rio?<\/h2>\n\n\n\n<h2 class=\"wp-block-heading\">Qual \u00e9 o m\u00eas de Abibe para n\u00f3s?<\/h2>\n\n\n<p><\/p>Abib \u00e9 o primeiro m\u00eas do Antigo calend\u00e1rio israelita , que acontece por volta de mar\u00e7o\/ abril.<br \/>\n\n\n\n\n<h2 class=\"wp-block-heading\">Quem \u00e9 Abibe na B\u00edblia?<\/h2>\n\n\n<p><\/p>o germinar do trigo. Antigo nomecananeu do primeiro m\u00eas do ano sagrado dos hebreus, sendo o s\u00e9timo do civil ; foi no dia 15 desse m\u00eas que partiu do Egito o povo de israel (\u00cax 13.4). Para comemorar esta liberta\u00e7\u00e3o, foi a lua da P\u00e1scoa, mais tarde, considerada o princ\u00edpio do ano judaico (\u00cax 12.2).<br \/>\n\n\n\n\n<h2 class=\"wp-block-heading\">O que significa o nome ABIB?<\/h2>\n\n\n<p><\/p>A formaliza\u00e7\u00e3o da associa\u00e7\u00e3o se deu a partir da segunda assembleia geral ocorrida no mesmo espa\u00e7o, em maio de 2006. A palavra ABIB n\u00e3o \u00e9 originalmente uma sigla, mas sim um s\u00edmbolo, oriundo da palavra hebraica abib que significa \u201cprimavera\u201d.<br \/>\n\n\n\n\n<h2 class=\"wp-block-heading\">O que significa a palavra abib?<\/h2>\n\nQuem somos &#8211; Associa\u00e7\u00e3o Brasileira de Pesquisa B\u00edblica.<br \/>\n\n\n\n\n<h2 class=\"wp-block-heading\">O que significa abibe segundo a B\u00edblia?<\/h2>\n\n\n<p><\/p>Abib \u00e9 o primeiro m\u00eas do Antigo calend\u00e1rio israelita , que acontece por volta de mar\u00e7o\/ abril.<br \/>\n\n\n\n\n<h2 class=\"wp-block-heading\">Quem foi Abibe?<\/h2>\n\n\n<p><\/p>o germinar do trigo. Antigo nomecananeu do primeiro m\u00eas do ano sagrado dos hebreus, sendo o s\u00e9timo do civil ; foi no dia 15 desse m\u00eas que partiu do Egito o povo de israel (\u00cax 13.4). Para comemorar esta liberta\u00e7\u00e3o, foi a lua da P\u00e1scoa, mais tarde, considerada o princ\u00edpio do ano judaico (\u00cax 12.2).<br \/>\n\n\n\n\n<h2 class=\"wp-block-heading\">Qual \u00e9 o significado do m\u00eas de Ziv?<\/h2>\n\n\n\n<h2 class=\"wp-block-heading\">O que significa Ziv?<\/h2>\n\n\n<p><\/p>Ziv \u00e9 uma palavra hebraica que significa &#8220;luz&#8221; ou &#8220;brilho&#8221;.<br \/>\n\n\n\n\n<h2 class=\"wp-block-heading\">Qual \u00e9 o significado do nome Ziv?<\/h2>\n\n\n<p><\/p>O significado literal do nome Ziv \u00e9 luz brilhante, raio ou brilho. O nome Ziv tamb\u00e9m \u00e9 mencionado na B\u00edblia como outro nome para o m\u00eas de Iyar no calend\u00e1rio hebraico. Outro significado do nome Ziv \u00e9 beleza e gra\u00e7a.<br \/>\n\n\n\n\n<h2 class=\"wp-block-heading\">Quem foi Abibe na B\u00edblia?<\/h2>\n\no germinar do trigo. Antigo nomecananeu do primeiro m\u00eas do ano sagrado dos hebreus, sendo o s\u00e9timo do civil ; foi no dia 15 desse m\u00eas que partiu do Egito o povo de israel (\u00cax 13.4). Para comemorar esta liberta\u00e7\u00e3o, foi a lua da P\u00e1scoa, mais tarde, considerada o princ\u00edpio do ano judaico (\u00cax 12.2).<br \/>\n\n\n\n\n<h2 class=\"wp-block-heading\">O que \u00e9 abibe segundo a B\u00edblia?<\/h2>\n\n\n<p><\/p>Abib \u00e9 o primeiro m\u00eas do Antigo calend\u00e1rio israelita , que acontece por volta de mar\u00e7o\/ abril.<br \/>\n\n\n\n\n<h2 class=\"wp-block-heading\">O que era Tel Abibe na B\u00edblia?<\/h2>\n\n\n<p><\/p>Para a cidade moderna em Israel, veja Tel Aviv . Tel Abib ( hebraico : \u05ea\u05dc \u05d0\u05d1\u05d9\u05d1 , Tel Aviv , &#8220;a colina da Primavera&#8221;, do ac\u00e1dio Tel Ab\u00fbbi , &#8220;O Tel do dil\u00favio&#8221;) \u00e9 uma tell (&#8220;cidade montanhosa&#8221;) n\u00e3o identificada no Canal de Kebar , perto de Nippur , no que hoje \u00e9 o Iraque.<br \/>\n\n\n\n\n<h2 class=\"wp-block-heading\">O que \u00e9 abib?<\/h2>\n\n\n<p><\/p>Associa\u00e7\u00e3o Brasileira de Pesquisa B\u00edblica &#8211;<br \/>\n\n\n\n\n<h2 class=\"wp-block-heading\">O que seria o m\u00eas de Abibe?<\/h2>\n\n\u00c9 um m\u00eas que nos chama para operar em milagres, para destrancar as portas de qualquer forma de cativeiro e caminhar na plenitude do nosso destino. Ao abra\u00e7ar a ess\u00eancia de Nissan, que voc\u00ea encontre a coragem para avan\u00e7ar, a for\u00e7a para superar e a f\u00e9 para entrar no destino que o aguarda.<br \/>\n\n\n\n\n<h2 class=\"wp-block-heading\">O que significa o m\u00eas de Abibe na B\u00edblia?<\/h2>\n\n\n<p><\/p>\u00c9 um m\u00eas profundamente conectado \u00e0 festa judaica da P\u00e1scoa, um tempo de lembran\u00e7a e gratid\u00e3o pela liberta\u00e7\u00e3o e liberdade. Em Nissan, somos lembrados da jornada dos israelitas da servid\u00e3o no Egito ao limiar da Terra Prometida \u2014 uma jornada da opress\u00e3o para a liberta\u00e7\u00e3o.<br \/>\n\n\n\n\n<h2 class=\"wp-block-heading\">Qual \u00e9 o primeiro m\u00eas do ano para os judeus?<\/h2>\n\n\n<p><\/p>O primeiro m\u00eas do ano \u00e9 chamado de Tishrei, palavra que remonta ao per\u00edodo de 586 a.C. a 536 a.C., quando Jerusal\u00e9m foi destru\u00edda pelos babil\u00f4nios e os judeus foram for\u00e7adamente exilados para a regi\u00e3o mesopot\u00e2mia.<br \/>\n\n\n\n\n<h2 class=\"wp-block-heading\">Quem nasce em dezembro \u00e9 de qual tribo de Israel?<\/h2>\n\n\n<h3>12 Signos 12 Sal\u00f5es e 12 Tribos de qual voc\u00ea \u00e9 ?<\/h3><iframe src=\"https:\/\/www.youtube.com\/embed\/bRPuJ8D9cWY\" width=\"560\" height=\"315\" frameborder=\"0\" allowfullscreen><\/iframe>\n\n\n\n<h2 class=\"wp-block-heading\">Qual o m\u00eas da tribo de Gade?<\/h2>\n\n\n<p><\/p>S etembro \u00e9 o m\u00eas da Tribo de Gade, que significa tropa, acampamento.<br \/>\n\n\n\n\n<h2 class=\"wp-block-heading\">Quais s\u00e3o os 12 meses hebraicos?<\/h2>\n\n\n<p><\/p>\n\n<ul class=\"wp-block-list\">\n<li>Estrutura e funcionamento do calend\u00e1rio hebraico<\/li>\n<li> Os meses s\u00e3o: Tishrei, Cheshvan, Kislev, Tevet, Shevat, Adar (Adar I e Adar II em anos bissextos), Nisan, Iyar, Sivan, Tamuz, Av e Elul.<\/li>\n<\/ul>\n\n\n","protected":false},"excerpt":{"rendered":"<p>Qual \u00e9 o m\u00eas de Abibe no nosso calend\u00e1rio? Qual \u00e9 o m\u00eas de Abibe para n\u00f3s? Abib \u00e9 o primeiro m\u00eas do Antigo calend\u00e1rio israelita , que acontece por volta de mar\u00e7o\/ abril. Quem \u00e9 Abibe na B\u00edblia? o germinar do trigo. Antigo nomecananeu do primeiro m\u00eas do ano sagrado dos hebreus, sendo o [&hellip;]<\/p>\n","protected":false},"author":2,"featured_media":0,"comment_status":"open","ping_status":"closed","sticky":false,"template":"","format":"standard","meta":{"footnotes":""},"categories":[1],"tags":[],"class_list":["post-11385","post","type-post","status-publish","format-standard","hentry","category-conteudo"],"_links":{"self":[{"href":"https:\/\/ammabarbacena.com.br\/perguntas-frequentes\/wp-json\/wp\/v2\/posts\/11385","targetHints":{"allow":["GET"]}}],"collection":[{"href":"https:\/\/ammabarbacena.com.br\/perguntas-frequentes\/wp-json\/wp\/v2\/posts"}],"about":[{"href":"https:\/\/ammabarbacena.com.br\/perguntas-frequentes\/wp-json\/wp\/v2\/types\/post"}],"author":[{"embeddable":true,"href":"https:\/\/ammabarbacena.com.br\/perguntas-frequentes\/wp-json\/wp\/v2\/users\/2"}],"replies":[{"embeddable":true,"href":"https:\/\/ammabarbacena.com.br\/perguntas-frequentes\/wp-json\/wp\/v2\/comments?post=11385"}],"version-history":[{"count":1,"href":"https:\/\/ammabarbacena.com.br\/perguntas-frequentes\/wp-json\/wp\/v2\/posts\/11385\/revisions"}],"predecessor-version":[{"id":11386,"href":"https:\/\/ammabarbacena.com.br\/perguntas-frequentes\/wp-json\/wp\/v2\/posts\/11385\/revisions\/11386"}],"wp:attachment":[{"href":"https:\/\/ammabarbacena.com.br\/perguntas-frequentes\/wp-json\/wp\/v2\/media?parent=11385"}],"wp:term":[{"taxonomy":"category","embeddable":true,"href":"https:\/\/ammabarbacena.com.br\/perguntas-frequentes\/wp-json\/wp\/v2\/categories?post=11385"},{"taxonomy":"post_tag","embeddable":true,"href":"https:\/\/ammabarbacena.com.br\/perguntas-frequentes\/wp-json\/wp\/v2\/tags?post=11385"}],"curies":[{"name":"wp","href":"https:\/\/api.w.org\/{rel}","templated":true}]}}