{"id":11305,"date":"2025-07-28T03:53:04","date_gmt":"2025-07-28T03:53:04","guid":{"rendered":"http:\/\/a990ce16-0d51-4ec8-bcae-3a6baf2d964a"},"modified":"2025-07-28T03:53:04","modified_gmt":"2025-07-28T03:53:04","slug":"o-que-e-exilado-na-biblia","status":"publish","type":"post","link":"https:\/\/ammabarbacena.com.br\/perguntas-frequentes\/o-que-e-exilado-na-biblia\/","title":{"rendered":"O que \u00e9 exilado na b\u00edblia"},"content":{"rendered":"\n\n<h2 class=\"wp-block-heading\">Quem eram os exilados na B\u00edblia?<\/h2>\n\nHistoricamente, Israel e Jud\u00e1 vivenciaram uma s\u00e9rie de grandes ex\u00edlios. O principal deles foi o ex\u00edlio do reino do norte de Israel nas m\u00e3os dos ass\u00edrios por volta de 720 a.C. Esses exilados foram presumivelmente deportados e dispersos dentro do Imp\u00e9rio Ass\u00edrio, embora saibamos pouco sobre seu destino.<br \/>\n\n\n\n\n<h2 class=\"wp-block-heading\">Qual ap\u00f3stolo foi exilado?<\/h2>\n\n\n<p><\/p>Parece que Jo\u00e3o sofreu pela persegui\u00e7\u00e3o de Domiciano e foi exilado para a ilha de Patmos. Depois, com a chegada de Nerva, retornou para \u00c9feso, onde terminou seus dias, com mais de cem anos, por volta do ano 104.<br \/>\n\n\n\n\n<h2 class=\"wp-block-heading\">O que significa exilado?<\/h2>\n\n\n\n<h2 class=\"wp-block-heading\">O que \u00e9 uma pessoa que foi exilada?<\/h2>\n\n\n<p><\/p>De acordo com a ag\u00eancia da ONU para refugiados (ACNUR), o termo se enquadra a pessoas que est\u00e3o fora do pa\u00eds de origem, devido a justificados temores de persegui\u00e7\u00e3o, relacionados a quest\u00f5es de ra\u00e7a, religi\u00e3o, nacionalidade, pertencimento a um determinado grupo social ou opini\u00e3o pol\u00edtica, como tamb\u00e9m devido \u00e0 grave e &#8230;<br \/>\n\n\n\n\n<h2 class=\"wp-block-heading\">Como vive um exilado?<\/h2>\n\n\n<p><\/p>Exilados s\u00e3o indiv\u00edduos que vivem involuntariamente em um pa\u00eds onde n\u00e3o s\u00e3o bem-vindos, devido a raz\u00f5es pol\u00edticas, emocionais, f\u00edsicas ou culturais, levando ao isolamento, ao trauma e a uma sensa\u00e7\u00e3o de desconex\u00e3o de sua identidade e cultura originais.<br \/>\n\n\n\n\n<h2 class=\"wp-block-heading\">Quem foi exilado no Brasil?<\/h2>\n\n\n<p><\/p>Alguns deles: &#8211; Intelectuais e professores universit\u00e1rios: Celso Furtado, Josu\u00e9 de Castro, Florestan Fernandes, Paulo Freire, Milton Santos, Maria da Concei\u00e7\u00e3o Tavares, Theot\u00f4nio dos Santos, V\u00e2nia Bambirra, Rui Mauro Marini, Fernando Henrique Cardoso.<br \/>\n\n\n\n\n<h2 class=\"wp-block-heading\">O que \u00e9 ser uma pessoa exilada?<\/h2>\n\nSe o termo \u201cemigrante\u201d faz sentido para o l\u00e9xico da demografia; a palavra exilado \u00e9 eminentemente geo-pol\u00edtica: ela indica tanto deslocamento espacial como expuls\u00e3o. A condi\u00e7\u00e3o exilada \u00e9 consequ\u00eancia de um desv\u00ednculo que \u00e9 anterior ao ato, em si mesmo, de emigrar.<br \/>\n\n\n\n\n<h2 class=\"wp-block-heading\">O que \u00e9 uma pessoa exilada?<\/h2>\n\n\n<p><\/p>Se o termo \u201cemigrante\u201d faz sentido para o l\u00e9xico da demografia; a palavra exilado \u00e9 eminentemente geo-pol\u00edtica: ela indica tanto deslocamento espacial como expuls\u00e3o. A condi\u00e7\u00e3o exilada \u00e9 consequ\u00eancia de um desv\u00ednculo que \u00e9 anterior ao ato, em si mesmo, de emigrar.<br \/>\n\n\n\n\n<h2 class=\"wp-block-heading\">O que significa ser exilado?<\/h2>\n\n\n<p><\/p>\n\n<ul class=\"wp-block-list\">\n<li>Significado de Exilado<\/li>\n<li> substantivo masculino Pessoa que, por raz\u00f5es pol\u00edticas, foi obrigada a deixar sua p\u00e1tria, seu pa\u00eds; expatriado, desterrado : os exilado voltar\u00e3o ao Brasil.<\/li>\n<\/ul>\n\n\n\n\n<h2 class=\"wp-block-heading\">O que significa um povo exilado?<\/h2>\n\n\n<p><\/p>Ex\u00edlio \u00e9 o estado de ser for\u00e7ado a sair de sua terra natal (ou seja, vila, cidade, estado, prov\u00edncia, territ\u00f3rio ou at\u00e9 mesmo pa\u00eds) e incapaz de retornar. Pessoas (ou corpora\u00e7\u00f5es e at\u00e9 governos) podem estar no ex\u00edlio por motivos legais ou outros.<br \/>\n\n\n\n\n<h2 class=\"wp-block-heading\">O que significa exilar uma pessoa?<\/h2>\n\n\n<p><\/p>As defini\u00e7\u00f5es presentes nos dicion\u00e1rios descrevem o ex\u00edlio como uma expatria\u00e7\u00e3o for\u00e7ada, uma deporta\u00e7\u00e3o. Mesmo quando o ex\u00edlio \u00e9 volunt\u00e1rio, a associa\u00e7\u00e3o com a expuls\u00e3o est\u00e1 enraizada no voc\u00e1bulo.<br \/>\n\n\n\n\n<h2 class=\"wp-block-heading\">Qual \u00e9 o significado de ex\u00edlio?<\/h2>\n\nEx\u00edlio \u00e9 o estado de ser for\u00e7ado a sair de sua terra natal (ou seja, vila, cidade, estado, prov\u00edncia, territ\u00f3rio ou at\u00e9 mesmo pa\u00eds) e incapaz de retornar. Pessoas (ou corpora\u00e7\u00f5es e at\u00e9 governos) podem estar no ex\u00edlio por motivos legais ou outros.<br \/>\n\n\n\n\n<h2 class=\"wp-block-heading\">O que \u00e9 o significado de ex\u00edlio?<\/h2>\n\n\n<p><\/p>Ex\u00edlio \u00e9 o estado de ser for\u00e7ado a sair de sua terra natal (ou seja, vila, cidade, estado, prov\u00edncia, territ\u00f3rio ou at\u00e9 mesmo pa\u00eds) e incapaz de retornar. Pessoas (ou corpora\u00e7\u00f5es e at\u00e9 governos) podem estar no ex\u00edlio por motivos legais ou outros.<br \/>\n\n\n\n\n<h2 class=\"wp-block-heading\">Qual o significado de exilo?<\/h2>\n\n\n<p><\/p>Retirar ou fugir da conviv\u00eancia; mandar ou ir viver para lugar remoto ou desviado.<br \/>\n\n\n\n\n<h2 class=\"wp-block-heading\">O que quer dizer a palavra ex\u00edlio na B\u00edblia?<\/h2>\n\n\n<p><\/p>Expuls\u00e3o da p\u00e1tria por raz\u00f5es pol\u00edticas ou religiosas; expatria\u00e7\u00e3o.<br \/>\n\n\n\n\n<h2 class=\"wp-block-heading\">O que vem a ser ex\u00edlio?<\/h2>\n\n\n<p><\/p>Ex\u00edlio ou banimento \u00e9 principalmente a expuls\u00e3o penal do pa\u00eds de origem e, secundariamente, a expatria\u00e7\u00e3o ou aus\u00eancia prolongada da terra natal, seja sob a compuls\u00e3o das circunst\u00e2ncias ou sob os rigores de algum prop\u00f3sito elevado.<br \/>\n\n\n\n\n<h2 class=\"wp-block-heading\">Quem foi exilado na B\u00edblia?<\/h2>\n\n\n<p><\/p>Nesse sentido, Ezequiel \u00e9 exilado para que ensine o povo de seu tempo a ser exilado ; \u00e9 profeta chamado para ser exilado entre os exilados; Mois\u00e9s foi exilado no deserto antes de levar seu povo a um ex\u00edlio de 40 anos; Jesus foi exilado antes de ensinar a n\u00f3s que nas persegui\u00e7\u00f5es desse mundo ser\u00edamos tamb\u00e9m exilados, na &#8230;<br \/>\n\n\n\n\n<h2 class=\"wp-block-heading\">O que \u00e9 viver no ex\u00edlio?<\/h2>\n\n\n<p><\/p>Exilados s\u00e3o indiv\u00edduos que vivem involuntariamente em um pa\u00eds onde n\u00e3o s\u00e3o bem-vindos, devido a raz\u00f5es pol\u00edticas, emocionais, f\u00edsicas ou culturais, levando ao isolamento, ao trauma e a uma sensa\u00e7\u00e3o de desconex\u00e3o de sua identidade e cultura originais.<br \/>\n\n\n\n\n<h2 class=\"wp-block-heading\">O que quer dizer exilado na B\u00edblia?<\/h2>\n\npessoa banida da p\u00e1tria e levada ao cativeiro em pa\u00eds estrangeiro. Um dos meios que Deus usou no AT para castigar o seu povo, purificando-o dos seus modos pecaminosos e rebeldes.<br \/>\n\n\n\n\n<h2 class=\"wp-block-heading\">O que significa ex\u00edlio?<\/h2>\n\n\n<p><\/p>Ex\u00edlio \u00e9 o estado de ser for\u00e7ado a sair de sua terra natal (ou seja, vila, cidade, estado, prov\u00edncia, territ\u00f3rio ou at\u00e9 mesmo pa\u00eds) e incapaz de retornar. Pessoas (ou corpora\u00e7\u00f5es e at\u00e9 governos) podem estar no ex\u00edlio por motivos legais ou outros.<br \/>\n\n\n\n\n<h2 class=\"wp-block-heading\">Por que o povo de Israel foi exilado?<\/h2>\n\nInstabilidade pol\u00edtica, amea\u00e7as externas pela expans\u00e3o babil\u00f4nica e a rebeli\u00e3o judaica contra o dom\u00ednio babil\u00f4nico foram causas fundamentais do Cativeiro da Babil\u00f4nia, minando a estabilidade do Reino de Jud\u00e1.<br \/>\n\n\n\n\n<h2 class=\"wp-block-heading\">Porque o povo de Israel foi levado ao cativeiro?<\/h2>\n\n\n<p><\/p>Por aproximadamente seiscentos anos, Israel foi um povo basicamente livre, capaz de adorar o Deus de seus pais Abra\u00e3o, Isaque e Jac\u00f3. Mas eles abandonaram seu Deus e foram levados cativos, sendo dispersos entre aqueles que n\u00e3o adoravam o verdadeiro Deus vivo.<br \/>\n\n\n\n\n<h2 class=\"wp-block-heading\">Por que o povo de Israel foi para o ex\u00edlio?<\/h2>\n\n\n<p><\/p>Instabilidade pol\u00edtica, amea\u00e7as externas pela expans\u00e3o babil\u00f4nica e a rebeli\u00e3o judaica contra o dom\u00ednio babil\u00f4nico foram causas fundamentais do Cativeiro da Babil\u00f4nia, minando a estabilidade do Reino de Jud\u00e1.<br \/>\n\n\n\n\n<h2 class=\"wp-block-heading\">Por que os judeus foram expulsos de Israel?<\/h2>\n\n\n<p><\/p>Dispers\u00e3o da na\u00e7\u00e3o hebraica em territ\u00f3rios fora da Palestina. A di\u00e1spora judaica refere-se ao distanciamento for\u00e7ado dos hebreus de sua terra natal \u2013 Israel \u2013 em raz\u00e3o das invas\u00f5es de povos inimigos e, consequentemente, deixando-os dispersos em v\u00e1rias partes do mundo.<br \/>\n\n\n\n\n<h2 class=\"wp-block-heading\">Qual o motivo do ex\u00edlio?<\/h2>\n\n\n<p><\/p>O ex\u00edlio volunt\u00e1rio (ou autoex\u00edlio) \u00e9 frequentemente descrito como uma forma de protesto por parte da pessoa que o reivindica, para evitar persegui\u00e7\u00e3o ou processo criminal (como acusa\u00e7\u00f5es fiscais ou criminais), um ato de vergonha ou arrependimento, ou isolar-se para poder dedicar tempo a uma atividade espec\u00edfica.<br \/>\n\n\n","protected":false},"excerpt":{"rendered":"<p>Quem eram os exilados na B\u00edblia? Historicamente, Israel e Jud\u00e1 vivenciaram uma s\u00e9rie de grandes ex\u00edlios. O principal deles foi o ex\u00edlio do reino do norte de Israel nas m\u00e3os dos ass\u00edrios por volta de 720 a.C. Esses exilados foram presumivelmente deportados e dispersos dentro do Imp\u00e9rio Ass\u00edrio, embora saibamos pouco sobre seu destino. Qual [&hellip;]<\/p>\n","protected":false},"author":2,"featured_media":0,"comment_status":"open","ping_status":"closed","sticky":false,"template":"","format":"standard","meta":{"footnotes":""},"categories":[1],"tags":[],"class_list":["post-11305","post","type-post","status-publish","format-standard","hentry","category-conteudo"],"_links":{"self":[{"href":"https:\/\/ammabarbacena.com.br\/perguntas-frequentes\/wp-json\/wp\/v2\/posts\/11305","targetHints":{"allow":["GET"]}}],"collection":[{"href":"https:\/\/ammabarbacena.com.br\/perguntas-frequentes\/wp-json\/wp\/v2\/posts"}],"about":[{"href":"https:\/\/ammabarbacena.com.br\/perguntas-frequentes\/wp-json\/wp\/v2\/types\/post"}],"author":[{"embeddable":true,"href":"https:\/\/ammabarbacena.com.br\/perguntas-frequentes\/wp-json\/wp\/v2\/users\/2"}],"replies":[{"embeddable":true,"href":"https:\/\/ammabarbacena.com.br\/perguntas-frequentes\/wp-json\/wp\/v2\/comments?post=11305"}],"version-history":[{"count":1,"href":"https:\/\/ammabarbacena.com.br\/perguntas-frequentes\/wp-json\/wp\/v2\/posts\/11305\/revisions"}],"predecessor-version":[{"id":11306,"href":"https:\/\/ammabarbacena.com.br\/perguntas-frequentes\/wp-json\/wp\/v2\/posts\/11305\/revisions\/11306"}],"wp:attachment":[{"href":"https:\/\/ammabarbacena.com.br\/perguntas-frequentes\/wp-json\/wp\/v2\/media?parent=11305"}],"wp:term":[{"taxonomy":"category","embeddable":true,"href":"https:\/\/ammabarbacena.com.br\/perguntas-frequentes\/wp-json\/wp\/v2\/categories?post=11305"},{"taxonomy":"post_tag","embeddable":true,"href":"https:\/\/ammabarbacena.com.br\/perguntas-frequentes\/wp-json\/wp\/v2\/tags?post=11305"}],"curies":[{"name":"wp","href":"https:\/\/api.w.org\/{rel}","templated":true}]}}