{"id":11205,"date":"2025-07-28T02:56:54","date_gmt":"2025-07-28T02:56:54","guid":{"rendered":"http:\/\/43a124cd-fb37-4140-ad65-22368a9eb234"},"modified":"2025-07-28T02:56:54","modified_gmt":"2025-07-28T02:56:54","slug":"o-que-e-kairos-na-biblia","status":"publish","type":"post","link":"https:\/\/ammabarbacena.com.br\/perguntas-frequentes\/o-que-e-kairos-na-biblia\/","title":{"rendered":"O que \u00e9 kair\u00f3s na b\u00edblia"},"content":{"rendered":"\n\n<h2 class=\"wp-block-heading\">O que a B\u00edblia diz sobre Kair\u00f3s?<\/h2>\n\nNa B\u00edblia, o termo &#8220;kair\u00f3s&#8221; \u00e9 usado em v\u00e1rios momentos, como em Atos 1:7, Ef\u00e9sios 5:15 e 16, e Hebreus 4:16. A ideia \u00e9 que o &#8220;kair\u00f3s de Deus&#8221; \u00e9 um momento oportuno \u00fanico, que n\u00e3o pode ser medido, e que \u00e9 o momento ideal para a realiza\u00e7\u00e3o de algo.<br \/>\n\n\n\n\n<h2 class=\"wp-block-heading\">Como \u00e9 chamado o tempo de Deus na B\u00edblia?<\/h2>\n\n\n<p><\/p>O tempo de Deus \u00e9 \u201c Kair\u00f3s \u201d e n\u00e3o est\u00e1 limitado a uma a\u00e7\u00e3o humana. O Salmo 40 lembra-nos uma ilustra\u00e7\u00e3o de Davi.<br \/>\n\n\n\n\n<h2 class=\"wp-block-heading\">Quem foi o Deus Kair\u00f3s?<\/h2>\n\n\n<p><\/p>Kair\u00f3s (em grego: \u03ba\u03b1\u03b9\u03c1\u03cc\u03c2, &#8220;o momento oportuno&#8221;, &#8220;certo&#8221; ou &#8220;supremo&#8221;), na mitologia grega, \u00e9 o deus do tempo oportuno. Kair\u00f3s \u00e9 referido a partir do s\u00e9culo V a.C., quando \u00cdon de Quio lhe dedicou um hino, no qual o celebra como o filho mais jovem de Zeus.<br \/>\n\n\n\n\n<h2 class=\"wp-block-heading\">O que diz Hebreus 4:16?<\/h2>\n\n\n<p><\/p>16 Cheguemos, pois, com confian\u00e7a ao trono da gra\u00e7a, para que possamos alcan\u00e7ar miseric\u00f3rdia e encontrar gra\u00e7a, para sermos ajudados em tempo oportuno.<br \/>\n\n\n\n\n<h2 class=\"wp-block-heading\">O que significa o Kair\u00f3s de Deus?<\/h2>\n\nkairos, que em portugu\u00eas escrevemos kair\u00f3s, tinha para os gregos o significado de &#8220;momento certo&#8221; ou momento oportuno. \u00c9 uma ocasi\u00e3o indeterminada no tempo em que algo especial acontece. A palavra \u00e9 usada em teologia para descrever o &#8220;tempo de Deus&#8221;.<br \/>\n\n\n\n\n<h2 class=\"wp-block-heading\">Qual \u00e9 o s\u00edmbolo de Kair\u00f3s?<\/h2>\n\n\n<p><\/p>Kair\u00f3s tem numa das m\u00e3os uma balan\u00e7a. A balan\u00e7a \u00e9 s\u00edmbolo do equil\u00edbrio e da justi\u00e7a : Kair\u00f3s, embora veloz, n\u00e3o ultrapassa a medida.<br \/>\n\n\n\n\n<h2 class=\"wp-block-heading\">Como entender Kair\u00f3s?<\/h2>\n\n\n\n<ul class=\"wp-block-list\">\n<li>Significado de Kair\u00f3s e de Chronos.<\/li>\n<li> Portanto, a partir da mitologia grega, kair\u00f3s significa momento oportuno, ocasi\u00e3o certa, oportunidade ; enquanto que chronos significa o tempo f\u00edsico e cronol\u00f3gico, compreendido como anos, meses, dias, horas, minutos e segun- dos.<\/li>\n<\/ul>\n\n\n\n\n<h2 class=\"wp-block-heading\">O que a B\u00edblia fala sobre Kair\u00f3s?<\/h2>\n\n\n<p><\/p>Na B\u00edblia, o termo &#8220;kair\u00f3s&#8221; \u00e9 usado em v\u00e1rios momentos, como em Atos 1:7, Ef\u00e9sios 5:15 e 16, e Hebreus 4:16. A ideia \u00e9 que o &#8220;kair\u00f3s de Deus&#8221; \u00e9 um momento oportuno \u00fanico, que n\u00e3o pode ser medido, e que \u00e9 o momento ideal para a realiza\u00e7\u00e3o de algo.<br \/>\n\n\n\n\n<h2 class=\"wp-block-heading\">Qual o conceito de Kair\u00f3s?<\/h2>\n\n\n<p><\/p>kairos, que em portugu\u00eas escrevemos kair\u00f3s, tinha para os gregos o significado de &#8220;momento certo&#8221; ou momento oportuno. \u00c9 uma ocasi\u00e3o indeterminada no tempo em que algo especial acontece. A palavra \u00e9 usada em teologia para descrever o &#8220;tempo de Deus&#8221;. N\u00e3o \u00e9 um tempo quantitativo, como khronos.<br \/>\n\n\n\n\n<h2 class=\"wp-block-heading\">Como funciona o Kair\u00f3s?<\/h2>\n\n\n<p><\/p>O Kairos \u00e9 uma plataforma online de controle de ponto que permite registrar a jornada de trabalho, horas extras, faltas, f\u00e9rias, e gerar relat\u00f3rios de horas de forma pr\u00e1tica e segura para sua empresa. Desenvolvido pela DIMEP, que h\u00e1 mais de 85 anos abre as portas para o futuro!<br \/>\n\n\n\n\n<h2 class=\"wp-block-heading\">Kair\u00f3s \u00e9 o rel\u00f3gio de Deus?<\/h2>\n\n\n\n<ul class=\"wp-block-list\">\n<li>Kair\u00f3s no Cristianismo<\/li>\n<li> Para os crist\u00e3os, o &#8220;tempo de Deus&#8221; \u00e9 diferente do tempo humano. Kair\u00f3s representa, assim, o momento ideal em que Deus age ou se manifesta. Essa no\u00e7\u00e3o aparece em diversas passagens b\u00edblicas, como em 2 Pedro 3:8: \u201cPara o Senhor, um dia \u00e9 como mil anos, e mil anos como um dia\u201d.<\/li>\n<\/ul>\n\n\n\n\n<h2 class=\"wp-block-heading\">Como se chama o rel\u00f3gio de Deus?<\/h2>\n\n\n<p><\/p>Para os crist\u00e3os, o &#8220;tempo de Deus&#8221; \u00e9 diferente do tempo humano. Kair\u00f3s representa, assim, o momento ideal em que Deus age ou se manifesta. Essa no\u00e7\u00e3o aparece em diversas passagens b\u00edblicas, como em 2 Pedro 3:8: \u201cPara o Senhor, um dia \u00e9 como mil anos, e mil anos como um dia\u201d.<br \/>\n\n\n\n\n<h2 class=\"wp-block-heading\">O que \u00e9 o momento de Kair\u00f3s?<\/h2>\n\n\n\n<ul class=\"wp-block-list\">\n<li>Significado de Kairos<\/li>\n<li> Kairos \u00e9 o momento qualitativo da vida. Os gregos o consideravam o mais apropriado para algo novo.<\/li>\n<\/ul>\n\n\n\n\n<h2 class=\"wp-block-heading\">O que \u00e9 o tempo Kair\u00f3s na B\u00edblia?<\/h2>\n\n\n<p><\/p>kairos, que em portugu\u00eas escrevemos kair\u00f3s, tinha para os gregos o significado de &#8220;momento certo&#8221; ou momento oportuno. \u00c9 uma ocasi\u00e3o indeterminada no tempo em que algo especial acontece. A palavra \u00e9 usada em teologia para descrever o &#8220;tempo de Deus&#8221;.<br \/>\n\n\n\n\n<h2 class=\"wp-block-heading\">O que \u00e9 Kair\u00f3s tempo de Deus?<\/h2>\n\n\n<p><\/p>O outro, o deus Kair\u00f3s, representa o tempo da alma: \u00e9 a qualidade do tempo vivido; \u00e9 o tempo oportuno, que faz um acontecimento ser especial, memor\u00e1vel, n\u00e3o em seus n\u00fameros, mas em sua signific\u00e2ncia.<br \/>\n\n\n\n\n<h2 class=\"wp-block-heading\">O que est\u00e1 escrito em Ef\u00e9sios 5:15?<\/h2>\n\n14 Pelo que diz: Desperta, tu que dormes, e levanta-te dentre os mortos, e Cristo te iluminar\u00e1. 15 Portanto, vede prudentemente como andais, n\u00e3o como n\u00e9scios, mas como s\u00e1bios, 16 Remindo o tempo, porquanto os dias s\u00e3o maus. 17 Pelo que n\u00e3o sejais insensatos, mas entendei qual \u00e9 a vontade do Senhor.<br \/>\n\n\n\n\n<h2 class=\"wp-block-heading\">O que Ef\u00e9sios 5:15 nos ensina?<\/h2>\n\n\n<p><\/p>NVI Ef\u00e9sios 5:15 Portanto, sejam prudentes em sua maneira de viver, n\u00e3o como n\u00e9scios, mas como s\u00e1bios. NTLH (atualizado) Portanto, tenham cuidado com a maneira como voc\u00eas vivem. N\u00e3o vivam como os tolos, mas como os s\u00e1bios.<br \/>\n\n\n\n\n<h2 class=\"wp-block-heading\">Qual \u00e9 o significado do vers\u00edculo 5:15?<\/h2>\n\n\n<p><\/p>\n\n<ul class=\"wp-block-list\">\n<li>Este vers\u00edculo em outras vers\u00f5es da B\u00edblia<\/li>\n<li> 15 e a ora\u00e7\u00e3o da f\u00e9 salvar\u00e1 o doente, e o Senhor o levantar\u00e1; e, se houver cometido pecados, ser-lhe-\u00e3o perdoados. 15 e a ora\u00e7\u00e3o da f\u00e9 salvar\u00e1 o doente, e o Senhor o levantar\u00e1; e, se houver cometido pecados, ser-lhe-\u00e3o perdoados.<\/li>\n<\/ul>\n\n\n\n\n<h2 class=\"wp-block-heading\">O que o cap\u00edtulo 5 de Ef\u00e9sios nos ensina?<\/h2>\n\n\n<p><\/p>Sempre que um filho vive em retid\u00e3o traz honra a seus pais, sejam eles pessoas corretas ou n\u00e3o. O contr\u00e1rio tamb\u00e9m \u00e9 verdadeiro. Toda vez que um filho vive em iniquidade traz vergonha aos pais, sejam eles pessoas corretas ou n\u00e3o.<br \/>\n\n\n\n\n<h2 class=\"wp-block-heading\">O que diz em Ef\u00e9sios 5:15\/20?<\/h2>\n\n\n<p><\/p>N\u00e3o ajam como pessoas sem ju\u00edzo, mas procurem entender o que o Senhor quer que voc\u00eas fa\u00e7am.<br \/>\n\n\n\n\n<h2 class=\"wp-block-heading\">Quem escreveu Ef\u00e9sios 5:15?<\/h2>\n\n\n<p><\/p>Ef\u00e9sios 5 \u00e9 o quinto cap\u00edtulo da Ep\u00edstola aos Ef\u00e9sios no Novo Testamento da B\u00edblia Crist\u00e3 . Tradicionalmente, acredita-se que foi escrito pelo ap\u00f3stolo Paulo enquanto ele estava na pris\u00e3o em Roma (por volta de 62 d.C.).<br \/>\n\n\n","protected":false},"excerpt":{"rendered":"<p>O que a B\u00edblia diz sobre Kair\u00f3s? Na B\u00edblia, o termo &#8220;kair\u00f3s&#8221; \u00e9 usado em v\u00e1rios momentos, como em Atos 1:7, Ef\u00e9sios 5:15 e 16, e Hebreus 4:16. A ideia \u00e9 que o &#8220;kair\u00f3s de Deus&#8221; \u00e9 um momento oportuno \u00fanico, que n\u00e3o pode ser medido, e que \u00e9 o momento ideal para a realiza\u00e7\u00e3o [&hellip;]<\/p>\n","protected":false},"author":2,"featured_media":0,"comment_status":"open","ping_status":"closed","sticky":false,"template":"","format":"standard","meta":{"footnotes":""},"categories":[1],"tags":[],"class_list":["post-11205","post","type-post","status-publish","format-standard","hentry","category-conteudo"],"_links":{"self":[{"href":"https:\/\/ammabarbacena.com.br\/perguntas-frequentes\/wp-json\/wp\/v2\/posts\/11205","targetHints":{"allow":["GET"]}}],"collection":[{"href":"https:\/\/ammabarbacena.com.br\/perguntas-frequentes\/wp-json\/wp\/v2\/posts"}],"about":[{"href":"https:\/\/ammabarbacena.com.br\/perguntas-frequentes\/wp-json\/wp\/v2\/types\/post"}],"author":[{"embeddable":true,"href":"https:\/\/ammabarbacena.com.br\/perguntas-frequentes\/wp-json\/wp\/v2\/users\/2"}],"replies":[{"embeddable":true,"href":"https:\/\/ammabarbacena.com.br\/perguntas-frequentes\/wp-json\/wp\/v2\/comments?post=11205"}],"version-history":[{"count":1,"href":"https:\/\/ammabarbacena.com.br\/perguntas-frequentes\/wp-json\/wp\/v2\/posts\/11205\/revisions"}],"predecessor-version":[{"id":11206,"href":"https:\/\/ammabarbacena.com.br\/perguntas-frequentes\/wp-json\/wp\/v2\/posts\/11205\/revisions\/11206"}],"wp:attachment":[{"href":"https:\/\/ammabarbacena.com.br\/perguntas-frequentes\/wp-json\/wp\/v2\/media?parent=11205"}],"wp:term":[{"taxonomy":"category","embeddable":true,"href":"https:\/\/ammabarbacena.com.br\/perguntas-frequentes\/wp-json\/wp\/v2\/categories?post=11205"},{"taxonomy":"post_tag","embeddable":true,"href":"https:\/\/ammabarbacena.com.br\/perguntas-frequentes\/wp-json\/wp\/v2\/tags?post=11205"}],"curies":[{"name":"wp","href":"https:\/\/api.w.org\/{rel}","templated":true}]}}