{"id":11009,"date":"2025-07-28T01:06:21","date_gmt":"2025-07-28T01:06:21","guid":{"rendered":"http:\/\/94756026-6918-46b3-bb1a-1d75fcd1213f"},"modified":"2025-07-28T01:06:21","modified_gmt":"2025-07-28T01:06:21","slug":"o-que-e-forro-na-biblia","status":"publish","type":"post","link":"https:\/\/ammabarbacena.com.br\/perguntas-frequentes\/o-que-e-forro-na-biblia\/","title":{"rendered":"O que \u00e9 forro na b\u00edblia"},"content":{"rendered":"\n\n<h2 class=\"wp-block-heading\">Que significa forro na B\u00edblia?<\/h2>\n\n\n\n<h2 class=\"wp-block-heading\">Qual o significado do termo forr\u00f3?<\/h2>\n\n\n<p><\/p>No portugu\u00eas corrente, forr\u00f3 tem duplo significado. De um lado \u00e9, conforme um dicion\u00e1rio, \u201cfesta popular \u201d, ou, com algum laivo de preconceito, \u201cbaile reles\u201d. Do outro, o voc\u00e1bulo remete a um conjunto de g\u00eaneros musicais: coco, bai\u00e3o, xote, etc.<br \/>\n\n\n\n\n<h2 class=\"wp-block-heading\">O que simboliza o forr\u00f3?<\/h2>\n\n\n<p><\/p>No in\u00edcio, as composi\u00e7\u00f5es eram inspiradas principalmente no modo de vida rural. Com a populariza\u00e7\u00e3o, passaram a retratar tamb\u00e9m alegrias e amores ou a saudade. Isso porque o forr\u00f3 se espalhou em um per\u00edodo de forte migra\u00e7\u00e3o de sertanejos para o Sudeste e o ritmo passou a representar um elo com a terra natal.<br \/>\n\n\n\n\n<h2 class=\"wp-block-heading\">Qual \u00e9 a inten\u00e7\u00e3o do forr\u00f3?<\/h2>\n\n\n<p><\/p>O Forr\u00f3 permite a constru\u00e7\u00e3o do brasileiro com mais consci\u00eancia de ser brasileiro. Ele abarca em toda a sua complexidade a m\u00fasica, a dan\u00e7a, gastronomia, c\u00f3digos sociais, tradi\u00e7\u00f5es, filosofia, vestu\u00e1rio, literatura, artesanato e assim por diante.<br \/>\n\n\n\n\n<h2 class=\"wp-block-heading\">Qual o sentido do forro?<\/h2>\n\n\n\n<h2 class=\"wp-block-heading\">Qual \u00e9 o objetivo do forr\u00f3?<\/h2>\n\n\n<p><\/p>\u201cO forr\u00f3 tem seu \u00e1pice no per\u00edodo junino, mas durante todo o ano ganha for\u00e7a nas academias, como atividade que ajuda na melhoria da coordena\u00e7\u00e3o motora, frequ\u00eancia card\u00edaca e na tonicidade muscular. Al\u00e9m disso, atua naturalmente no al\u00edvio do estresse, considerada uma das dan\u00e7as mais alegres\u201d, explica.<br \/>\n\n\n\n\n<h2 class=\"wp-block-heading\">Qual o significado do forr\u00f3?<\/h2>\n\n\n<p><\/p>Existem diferentes vers\u00f5es para o surgimento da palavra forr\u00f3. De acordo com a Enciclop\u00e9dia da M\u00fasica Brasileira (1998), a palavra trata-se de uma deriva\u00e7\u00e3o do termo africano forrobod\u00f3, termo esse que \u00e9 sin\u00f4nimo de festa, de arrasta-p\u00e9 ou farra. Essa defini\u00e7\u00e3o \u00e9 a mais aceita entre os estudiosos da \u00e1rea.<br \/>\n\n\n\n\n<h2 class=\"wp-block-heading\">O que o forr\u00f3 expressa?<\/h2>\n\n\n<p><\/p>No in\u00edcio, as composi\u00e7\u00f5es eram inspiradas principalmente no modo de vida rural. Com a populariza\u00e7\u00e3o, passaram a retratar tamb\u00e9m alegrias e amores ou a saudade. Isso porque o forr\u00f3 se espalhou em um per\u00edodo de forte migra\u00e7\u00e3o de sertanejos para o Sudeste e o ritmo passou a representar um elo com a terra natal.<br \/>\n\n\n\n\n<h2 class=\"wp-block-heading\">Qual \u00e9 a fun\u00e7\u00e3o do forr\u00f3?<\/h2>\n\n\n<p><\/p>Melhora do clima no interior da constru\u00e7\u00e3o em que \u00e9 colocado, devido a capacidade de isolamento t\u00e9rmico que eles t\u00eam; Melhor isolamento ac\u00fastico, na medida em que o forro ajuda a dissipar a absorver o excesso de som ambiente; Al\u00e9m disso, sofistica\u00e7\u00e3o e eleg\u00e2ncia para a constru\u00e7\u00e3o.<br \/>\n\n\n\n\n<h2 class=\"wp-block-heading\">Qual o motivo do forr\u00f3?<\/h2>\n\n\n<p><\/p>No in\u00edcio da hist\u00f3ria do forr\u00f3, as composi\u00e7\u00f5es eram inspiradas no modo de vida nordestino e do povo do sert\u00e3o. As letras costumavam retratar os h\u00e1bitos e costumes desse povo, desde as alegrias at\u00e9 as tristezas e dificuldades. Falava-se muito de amor, lembran\u00e7as e saudades da terra.<br \/>\n\n\n\n\n<h2 class=\"wp-block-heading\">Qual \u00e9 a import\u00e2ncia do forr\u00f3?<\/h2>\n\n\n<p><\/p>Ele \u00e9 importante para a identidade de uma na\u00e7\u00e3o e imprescind\u00edvel para a educa\u00e7\u00e3o e a cultura \u2014 disse. Em 2011, a Associa\u00e7\u00e3o Cultural Balaio Nordeste encaminhou ao Instituto do Patrim\u00f4nio Hist\u00f3rico e Art\u00edstico Nacional (Iphan) o pedido de registro das Matrizes do Forr\u00f3 como Patrim\u00f4nio Cultural do Brasil.<br \/>\n\n\n\n\n<h2 class=\"wp-block-heading\">O que significa a palavra forr\u00f3?<\/h2>\n\n\n\n<h2 class=\"wp-block-heading\">Qual \u00e9 o significado do nome forr\u00f3?<\/h2>\n\n\n<p><\/p>Existem diferentes vers\u00f5es para o surgimento da palavra forr\u00f3. De acordo com a Enciclop\u00e9dia da M\u00fasica Brasileira (1998), a palavra trata-se de uma deriva\u00e7\u00e3o do termo africano forrobod\u00f3, termo esse que \u00e9 sin\u00f4nimo de festa, de arrasta-p\u00e9 ou farra. Essa defini\u00e7\u00e3o \u00e9 a mais aceita entre os estudiosos da \u00e1rea.<br \/>\n\n\n\n\n<h2 class=\"wp-block-heading\">Qual \u00e9 a express\u00e3o do forr\u00f3?<\/h2>\n\n\n<p><\/p>O forr\u00f3 \u00e9 uma express\u00e3o art\u00edstica genuinamente nordestina. Por ser uma forma de manifesta\u00e7\u00e3o cultural ampla, o termo forr\u00f3 tem diversos significados e pode servir tanto para designar o ritmo musical, o estilo de dan\u00e7a e mesmo a festividade em que acontece.<br \/>\n\n\n\n\n<h2 class=\"wp-block-heading\">O que significa forr\u00f3 nordestino?<\/h2>\n\n\n<p><\/p>Com letras que falam sobre as viv\u00eancias do povo nordestino, o forr\u00f3 \u00e9 um estilo musical marcado por elementos que exaltam a cultura do sert\u00e3o, como a dan\u00e7a e os instrumentos utilizados. Al\u00e9m do grande Gonzaguinha, o g\u00eanero tamb\u00e9m teve outros representantes de peso, como Dominguinhos, Jackson do Pandeiro e Sivuca.<br \/>\n\n\n\n\n<h2 class=\"wp-block-heading\">Qual \u00e9 o significado da palavra &#8220;kavalame&#8221;?<\/h2>\n\n\n<p><\/p>&#8220;kavalame (\u03ba\u03b1\u03b2\u03b1\u03bb\u03ac\u03bc\u03b5) em grego significa &#8220;n\u00f3s montamos&#8221;.<br \/>\n\n\n\n\n<h2 class=\"wp-block-heading\">O que quer dizer sair forro?<\/h2>\n\n\n\n<h2 class=\"wp-block-heading\">O que significa o termo forr\u00f3?<\/h2>\n\n\n<p><\/p>No portugu\u00eas corrente, forr\u00f3 tem duplo significado. De um lado \u00e9, conforme um dicion\u00e1rio, \u201cfesta popular \u201d, ou, com algum laivo de preconceito, \u201cbaile reles\u201d. Do outro, o voc\u00e1bulo remete a um conjunto de g\u00eaneros musicais: coco, bai\u00e3o, xote, etc.<br \/>\n\n\n\n\n<h2 class=\"wp-block-heading\">O que significa escravo forr\u00f3?<\/h2>\n\n\n<p><\/p>[4] FORROS: eram considerados forros os ex-escravizados que haviam obtido a alforria, por meio de uma carta, por testamento ou no momento do batismo.<br \/>\n\n\n\n\n<h2 class=\"wp-block-heading\">O que \u00e9 considerado forr\u00f3?<\/h2>\n\nO forr\u00f3 \u00e9 m\u00fasica, dan\u00e7a e festa. Como estilo musical, est\u00e1 associado a outros g\u00eaneros, alguns entre os mais conhecidos s\u00e3o: xote, xaxado e bai\u00e3o. Para dan\u00e7ar, tradicionalmente, \u00e9 em pares, com os parceiros um de frente para o outro.<br \/>\n\n\n\n\n<h2 class=\"wp-block-heading\">O que caracteriza o forr\u00f3?<\/h2>\n\n\n<p><\/p>Al\u00e9m de referir-se \u00e0s festas, o forr\u00f3 tornou-se um g\u00eanero musical consagrado no Brasil e pode tornar-se Patrim\u00f4nio Cultural Imaterial do pa\u00eds. O estilo \u00e9 marcado pelo som da zabumba, tri\u00e2ngulo e sanfona, e \u00e9 representado pela dan\u00e7a entre casais, que com corpos colados arrastam os p\u00e9s no ch\u00e3o.<br \/>\n\n\n\n\n<h2 class=\"wp-block-heading\">Quais s\u00e3o os 3 tipos de forr\u00f3?<\/h2>\n\n\n<p><\/p>Existem diversos jeitos de dan\u00e7ar forr\u00f3, como o arrasta p\u00e9, o bai\u00e3o, o forr\u00f3 rom\u00e2ntico (ou estilizado) e o piseiro.<br \/>\n\n\n\n\n<h2 class=\"wp-block-heading\">Quais s\u00e3o os conceitos do forr\u00f3?<\/h2>\n\n\n<p><\/p>O forr\u00f3 \u00e9 m\u00fasica, dan\u00e7a e festa. Como estilo musical, est\u00e1 associado a outros g\u00eaneros, alguns entre os mais conhecidos s\u00e3o: xote, xaxado e bai\u00e3o. Para dan\u00e7ar, tradicionalmente, \u00e9 em pares, com os parceiros um de frente para o outro.<br \/>\n\n\n\n\n<h2 class=\"wp-block-heading\">Qual \u00e9 a classifica\u00e7\u00e3o do forr\u00f3?<\/h2>\n\n\n<p><\/p>O forr\u00f3 tornou-se um g\u00eanero musical no Brasil e muitos o reconhecem como patrim\u00f4nio cultural imaterial do pa\u00eds. O forr\u00f3 \u00e9 uma express\u00e3o art\u00edstica nordestina. Trata-se de uma manifesta\u00e7\u00e3o cultural bem ampla e que se consagrou como ritmo musical, mas tamb\u00e9m como um estilo de dan\u00e7a.<br \/>\n\n\n\n\n<h2 class=\"wp-block-heading\">Porque chama forr\u00f3?<\/h2>\n\nExistem diferentes vers\u00f5es para o surgimento da palavra forr\u00f3. De acordo com a Enciclop\u00e9dia da M\u00fasica Brasileira (1998), a palavra trata-se de uma deriva\u00e7\u00e3o do termo africano forrobod\u00f3, termo esse que \u00e9 sin\u00f4nimo de festa, de arrasta-p\u00e9 ou farra. Essa defini\u00e7\u00e3o \u00e9 a mais aceita entre os estudiosos da \u00e1rea.<br \/>\n\n\n\n\n<h2 class=\"wp-block-heading\">Por que o forr\u00f3 tem esse nome?<\/h2>\n\n\n<p><\/p>Existem diferentes vers\u00f5es para o surgimento da palavra forr\u00f3. De acordo com a Enciclop\u00e9dia da M\u00fasica Brasileira (1998), a palavra trata-se de uma deriva\u00e7\u00e3o do termo africano forrobod\u00f3, termo esse que \u00e9 sin\u00f4nimo de festa, de arrasta-p\u00e9 ou farra.<br \/>\n\n\n\n\n<h2 class=\"wp-block-heading\">O que significa a m\u00fasica forr\u00f3?<\/h2>\n\n\n<p><\/p>No in\u00edcio, as composi\u00e7\u00f5es eram inspiradas principalmente no modo de vida rural. Com a populariza\u00e7\u00e3o, passaram a retratar tamb\u00e9m alegrias e amores ou a saudade. Isso porque o forr\u00f3 se espalhou em um per\u00edodo de forte migra\u00e7\u00e3o de sertanejos para o Sudeste e o ritmo passou a representar um elo com a terra natal.<br \/>\n\n\n\n\n<h2 class=\"wp-block-heading\">Qual \u00e9 o nome verdadeiro do forr\u00f3?<\/h2>\n\n\n<p><\/p>\n\n<ul class=\"wp-block-list\">\n<li>Conhe\u00e7a a origem desse ritmo tipicamente brasileiro<\/li>\n<li> Derivado do nome \u201c forrobod\u00f3 \u201d, que significa confus\u00e3o, arrasta-p\u00e9, ou farra, o forr\u00f3 surgiu no s\u00e9culo XIX, na regi\u00e3o de Pernambuco, onde eram realizados bailes populares.<\/li>\n<\/ul>\n\n\n","protected":false},"excerpt":{"rendered":"<p>Que significa forro na B\u00edblia? Qual o significado do termo forr\u00f3? No portugu\u00eas corrente, forr\u00f3 tem duplo significado. De um lado \u00e9, conforme um dicion\u00e1rio, \u201cfesta popular \u201d, ou, com algum laivo de preconceito, \u201cbaile reles\u201d. Do outro, o voc\u00e1bulo remete a um conjunto de g\u00eaneros musicais: coco, bai\u00e3o, xote, etc. O que simboliza o [&hellip;]<\/p>\n","protected":false},"author":2,"featured_media":0,"comment_status":"open","ping_status":"closed","sticky":false,"template":"","format":"standard","meta":{"footnotes":""},"categories":[1],"tags":[],"class_list":["post-11009","post","type-post","status-publish","format-standard","hentry","category-conteudo"],"_links":{"self":[{"href":"https:\/\/ammabarbacena.com.br\/perguntas-frequentes\/wp-json\/wp\/v2\/posts\/11009","targetHints":{"allow":["GET"]}}],"collection":[{"href":"https:\/\/ammabarbacena.com.br\/perguntas-frequentes\/wp-json\/wp\/v2\/posts"}],"about":[{"href":"https:\/\/ammabarbacena.com.br\/perguntas-frequentes\/wp-json\/wp\/v2\/types\/post"}],"author":[{"embeddable":true,"href":"https:\/\/ammabarbacena.com.br\/perguntas-frequentes\/wp-json\/wp\/v2\/users\/2"}],"replies":[{"embeddable":true,"href":"https:\/\/ammabarbacena.com.br\/perguntas-frequentes\/wp-json\/wp\/v2\/comments?post=11009"}],"version-history":[{"count":1,"href":"https:\/\/ammabarbacena.com.br\/perguntas-frequentes\/wp-json\/wp\/v2\/posts\/11009\/revisions"}],"predecessor-version":[{"id":11010,"href":"https:\/\/ammabarbacena.com.br\/perguntas-frequentes\/wp-json\/wp\/v2\/posts\/11009\/revisions\/11010"}],"wp:attachment":[{"href":"https:\/\/ammabarbacena.com.br\/perguntas-frequentes\/wp-json\/wp\/v2\/media?parent=11009"}],"wp:term":[{"taxonomy":"category","embeddable":true,"href":"https:\/\/ammabarbacena.com.br\/perguntas-frequentes\/wp-json\/wp\/v2\/categories?post=11009"},{"taxonomy":"post_tag","embeddable":true,"href":"https:\/\/ammabarbacena.com.br\/perguntas-frequentes\/wp-json\/wp\/v2\/tags?post=11009"}],"curies":[{"name":"wp","href":"https:\/\/api.w.org\/{rel}","templated":true}]}}